{"id":4674,"date":"2022-03-01T13:24:42","date_gmt":"2022-03-01T12:24:42","guid":{"rendered":"https:\/\/fdp-aktiv.de\/blog\/?p=4674"},"modified":"2022-03-01T13:24:42","modified_gmt":"2022-03-01T12:24:42","slug":"schleswig-holstein-oliver-kumbartzky-zu-bund-muss-weichen-fuer-einen-schnellen-bau-des-lng-terminals-stellen","status":"publish","type":"post","link":"https:\/\/fdp-aktiv.de\/blog\/2022\/03\/01\/schleswig-holstein-oliver-kumbartzky-zu-bund-muss-weichen-fuer-einen-schnellen-bau-des-lng-terminals-stellen\/","title":{"rendered":"Schleswig-Holstein: Oliver Kumbartzky zu &#8220;Bund muss Weichen f\u00fcr einen schnellen Bau des LNG-Terminals stellen&#8221;"},"content":{"rendered":"<div class=\"clearfix text-formatted field field--name-body field--type-text-with-summary field--label-hidden field__item\">\n<p>Anl\u00e4sslich der Ank\u00fcndigung von Bundeskanzler Olaf Scholz, dass Brunsb\u00fcttel ein Fl\u00fcssiggasterminal bekommen soll, erkl\u00e4rt der Parlamentarische Gesch\u00e4ftsf\u00fchrer und energiepolitische Sprecher\u00a0der FDP-Landtagsfraktion, <strong>Oliver Kumbartzky<\/strong><\/p>\n<figure id=\"attachment_4155\" aria-describedby=\"caption-attachment-4155\" style=\"width: 800px\" class=\"wp-caption aligncenter\"><a href=\"https:\/\/fdp-aktiv.de\/blog\/wp-content\/uploads\/2022\/01\/Portrait-Kumbartzky-scaled.jpg\"><img loading=\"lazy\" decoding=\"async\" class=\"size-large wp-image-4155\" src=\"https:\/\/fdp-aktiv.de\/blog\/wp-content\/uploads\/2022\/01\/Portrait-Kumbartzky-929x1024.jpg\" alt=\"\" width=\"800\" height=\"882\" srcset=\"https:\/\/fdp-aktiv.de\/blog\/wp-content\/uploads\/2022\/01\/Portrait-Kumbartzky-929x1024.jpg 929w, https:\/\/fdp-aktiv.de\/blog\/wp-content\/uploads\/2022\/01\/Portrait-Kumbartzky-272x300.jpg 272w, https:\/\/fdp-aktiv.de\/blog\/wp-content\/uploads\/2022\/01\/Portrait-Kumbartzky-768x847.jpg 768w, https:\/\/fdp-aktiv.de\/blog\/wp-content\/uploads\/2022\/01\/Portrait-Kumbartzky-1393x1536.jpg 1393w, https:\/\/fdp-aktiv.de\/blog\/wp-content\/uploads\/2022\/01\/Portrait-Kumbartzky-1858x2048.jpg 1858w\" sizes=\"auto, (max-width: 800px) 100vw, 800px\" \/><\/a><figcaption id=\"caption-attachment-4155\" class=\"wp-caption-text\">Oliver Kumbartzky<\/figcaption><\/figure>\n<p>\u201eMit der klaren und deutlichen Botschaft von Olaf Scholz f\u00fcr ein LNG-Terminal in Brunsb\u00fcttel ist der wichtigste Schritt gemacht: das politische Bekenntnis f\u00fcr ein Fl\u00fcssiggasterminal. Jetzt m\u00fcssen z\u00fcgig konkrete Weichen gestellt werden, damit\u00a0 Planung und Bau des Terminals schnell umgesetzt werden k\u00f6nnen.<\/p>\n<p>Die Bundesregierung muss jetzt die rechtlichen Regelungen f\u00fcr ein beschleunigtes Verfahren auf den Weg bringen. Das Planfeststellungsverfahren muss auf eine Klageinstanz reduziert werden, damit der Bau des LNG-Terminals nicht \u00fcber viele Jahre verz\u00f6gert wird. Au\u00dferdem erwarten wir, dass sich der Bund auch finanziell engagiert, damit das Betreiberkonsortium Planungssicherheit erh\u00e4lt.<\/p>\n<p>Der Krieg in der Ukraine und die absolut notwendigen Sanktionen gegen\u00fcber Russland machen es notwendig, dass wir jetzt alles Machbare unternehmen, um uns unabh\u00e4ngig von russischer Energie zu machen. Es ist Zeit, pragmatisch und schnell zu handeln. Weitere Verz\u00f6gerungsdiskussionen k\u00f6nnen wir uns nicht mehr leisten.\u201c<\/p>\n<\/div>\n","protected":false},"excerpt":{"rendered":"<p>Anl\u00e4sslich der Ank\u00fcndigung von Bundeskanzler Olaf Scholz, dass Brunsb\u00fcttel ein Fl\u00fcssiggasterminal bekommen soll, erkl\u00e4rt der Parlamentarische Gesch\u00e4ftsf\u00fchrer und energiepolitische Sprecher\u00a0der FDP-Landtagsfraktion, Oliver Kumbartzky \u201eMit der klaren und deutlichen Botschaft von [&#8230;]<\/p>\n","protected":false},"author":1,"featured_media":0,"comment_status":"open","ping_status":"closed","sticky":false,"template":"","format":"standard","meta":{"footnotes":""},"categories":[1979,8],"tags":[2009,814,2053,1982,839,263],"class_list":["post-4674","post","type-post","status-publish","format-standard","hentry","category-energie","category-wirtschaft","tag-energie","tag-fdp-lsh","tag-lng","tag-lng-terminal","tag-oliver-kumbartzky","tag-sanktionen"],"_links":{"self":[{"href":"https:\/\/fdp-aktiv.de\/blog\/wp-json\/wp\/v2\/posts\/4674","targetHints":{"allow":["GET"]}}],"collection":[{"href":"https:\/\/fdp-aktiv.de\/blog\/wp-json\/wp\/v2\/posts"}],"about":[{"href":"https:\/\/fdp-aktiv.de\/blog\/wp-json\/wp\/v2\/types\/post"}],"author":[{"embeddable":true,"href":"https:\/\/fdp-aktiv.de\/blog\/wp-json\/wp\/v2\/users\/1"}],"replies":[{"embeddable":true,"href":"https:\/\/fdp-aktiv.de\/blog\/wp-json\/wp\/v2\/comments?post=4674"}],"version-history":[{"count":1,"href":"https:\/\/fdp-aktiv.de\/blog\/wp-json\/wp\/v2\/posts\/4674\/revisions"}],"predecessor-version":[{"id":4675,"href":"https:\/\/fdp-aktiv.de\/blog\/wp-json\/wp\/v2\/posts\/4674\/revisions\/4675"}],"wp:attachment":[{"href":"https:\/\/fdp-aktiv.de\/blog\/wp-json\/wp\/v2\/media?parent=4674"}],"wp:term":[{"taxonomy":"category","embeddable":true,"href":"https:\/\/fdp-aktiv.de\/blog\/wp-json\/wp\/v2\/categories?post=4674"},{"taxonomy":"post_tag","embeddable":true,"href":"https:\/\/fdp-aktiv.de\/blog\/wp-json\/wp\/v2\/tags?post=4674"}],"curies":[{"name":"wp","href":"https:\/\/api.w.org\/{rel}","templated":true}]}}