{"id":4691,"date":"2022-03-02T13:32:26","date_gmt":"2022-03-02T12:32:26","guid":{"rendered":"https:\/\/fdp-aktiv.de\/blog\/?p=4691"},"modified":"2022-03-19T06:11:54","modified_gmt":"2022-03-19T05:11:54","slug":"ukraine-krieg-zwingt-auch-zu-einer-neuen-agrarpolitik","status":"publish","type":"post","link":"https:\/\/fdp-aktiv.de\/blog\/2022\/03\/02\/ukraine-krieg-zwingt-auch-zu-einer-neuen-agrarpolitik\/","title":{"rendered":"Ukraine-Krieg zwingt auch zu einer neuen Agrarpolitik"},"content":{"rendered":"<div class=\"clearfix text-formatted field field--name-body field--type-text-with-summary field--label-hidden field__item\">\n<p><strong>Thomas L. Kemmerich: Es ist ein Gebot der Stunde, auf die politisch gewollte Stilllegung von \u00c4ckern zu verzichten<\/strong><\/p>\n<p>Vor dem Hintergrund des Ukraine-Kriegs gilt es, auch die Agrarpolitik neu zu bewerten. Das politische Ziel, 4 Prozent der Agrarfl\u00e4chen im Rahmen der GAP* stillzulegen, ist obsolet. Darauf machen die Freien Demokraten im Th\u00fcringer Landtag aufmerksam.<\/p>\n<figure id=\"attachment_4692\" aria-describedby=\"caption-attachment-4692\" style=\"width: 800px\" class=\"wp-caption aligncenter\"><a href=\"https:\/\/fdp-aktiv.de\/blog\/wp-content\/uploads\/2022\/03\/tractor-4277810_1280.jpg\"><img loading=\"lazy\" decoding=\"async\" class=\"size-large wp-image-4692\" src=\"https:\/\/fdp-aktiv.de\/blog\/wp-content\/uploads\/2022\/03\/tractor-4277810_1280-1024x575.jpg\" alt=\"Agrarbild\" width=\"800\" height=\"449\" srcset=\"https:\/\/fdp-aktiv.de\/blog\/wp-content\/uploads\/2022\/03\/tractor-4277810_1280-1024x575.jpg 1024w, https:\/\/fdp-aktiv.de\/blog\/wp-content\/uploads\/2022\/03\/tractor-4277810_1280-300x169.jpg 300w, https:\/\/fdp-aktiv.de\/blog\/wp-content\/uploads\/2022\/03\/tractor-4277810_1280-768x431.jpg 768w, https:\/\/fdp-aktiv.de\/blog\/wp-content\/uploads\/2022\/03\/tractor-4277810_1280.jpg 1280w\" sizes=\"auto, (max-width: 800px) 100vw, 800px\" \/><\/a><figcaption id=\"caption-attachment-4692\" class=\"wp-caption-text\">Bild von <a href=\"https:\/\/pixabay.com\/de\/users\/harrystueber-5485086\/?utm_source=link-attribution&amp;utm_medium=referral&amp;utm_campaign=image&amp;utm_content=4277810\">HarryStueber<\/a> auf <a href=\"https:\/\/pixabay.com\/de\/?utm_source=link-attribution&amp;utm_medium=referral&amp;utm_campaign=image&amp;utm_content=4277810\">Pixabay<\/a><\/figcaption><\/figure>\n<p>\u201eDie Ukraine gilt als die Kornkammer Europas. Wir m\u00fcssen uns darauf einstellen, dass deren Exporte dramatisch einbrechen. Steigende Preise und Lieferengp\u00e4sse werden die Folge sein\u201c, bef\u00fcrchtet Thomas L. Kemmerich. \u201eEs ist ein Gebot der Vernunft, unsere eigenen Agrarfl\u00e4chen optimal zu nutzen. Das sollte nicht nur mit Blick auf den Anbau von Getreide gelten. Auch den Anbau von Energiepflanzen zur Biogas- und Biokraftstoffproduktion gilt es auszuweiten. Jedes zus\u00e4tzliche Raps- und Maisfeld macht uns etwas unabh\u00e4ngiger von Erdgaslieferungen aus Russland. In Zeiten von Krieg und Inflation ist es politischer Irrsinn, die Bauern zum Stilllegen gro\u00dfer Fl\u00e4chen zu vergattern.\u201c<\/p>\n<p>Davon unbenommen steht auf der Tagesordnung des Th\u00fcringer Landtags ein Gesetzentwurf der FDP, der die Einschr\u00e4nkung der Agrarfl\u00e4chen durch Gew\u00e4sserrandstreifen partiell zur\u00fccknimmt. Sie sollen von 10 auf 5 Meter reduziert werden k\u00f6nnen, sofern fachgerecht angelegte Fanggr\u00e4ben das Gew\u00e4sser sch\u00fctzen.<\/p>\n<p>*Gemeinsame Europ\u00e4ische Agrarpolitik der EU<\/p>\n<\/div>\n","protected":false},"excerpt":{"rendered":"<p>Thomas L. Kemmerich: Es ist ein Gebot der Stunde, auf die politisch gewollte Stilllegung von \u00c4ckern zu verzichten Vor dem Hintergrund des Ukraine-Kriegs gilt es, auch die Agrarpolitik neu zu [&#8230;]<\/p>\n","protected":false},"author":1,"featured_media":0,"comment_status":"open","ping_status":"closed","sticky":false,"template":"","format":"standard","meta":{"footnotes":""},"categories":[5,410],"tags":[669,2059,2042,1420,271,1198],"class_list":["post-4691","post","type-post","status-publish","format-standard","hentry","category-aussenpolitik","category-landwirtschaft","tag-fdp-thueringen","tag-gap","tag-krieg","tag-landwirtschaft","tag-thomas-kemmerich","tag-ukraine"],"_links":{"self":[{"href":"https:\/\/fdp-aktiv.de\/blog\/wp-json\/wp\/v2\/posts\/4691","targetHints":{"allow":["GET"]}}],"collection":[{"href":"https:\/\/fdp-aktiv.de\/blog\/wp-json\/wp\/v2\/posts"}],"about":[{"href":"https:\/\/fdp-aktiv.de\/blog\/wp-json\/wp\/v2\/types\/post"}],"author":[{"embeddable":true,"href":"https:\/\/fdp-aktiv.de\/blog\/wp-json\/wp\/v2\/users\/1"}],"replies":[{"embeddable":true,"href":"https:\/\/fdp-aktiv.de\/blog\/wp-json\/wp\/v2\/comments?post=4691"}],"version-history":[{"count":1,"href":"https:\/\/fdp-aktiv.de\/blog\/wp-json\/wp\/v2\/posts\/4691\/revisions"}],"predecessor-version":[{"id":4693,"href":"https:\/\/fdp-aktiv.de\/blog\/wp-json\/wp\/v2\/posts\/4691\/revisions\/4693"}],"wp:attachment":[{"href":"https:\/\/fdp-aktiv.de\/blog\/wp-json\/wp\/v2\/media?parent=4691"}],"wp:term":[{"taxonomy":"category","embeddable":true,"href":"https:\/\/fdp-aktiv.de\/blog\/wp-json\/wp\/v2\/categories?post=4691"},{"taxonomy":"post_tag","embeddable":true,"href":"https:\/\/fdp-aktiv.de\/blog\/wp-json\/wp\/v2\/tags?post=4691"}],"curies":[{"name":"wp","href":"https:\/\/api.w.org\/{rel}","templated":true}]}}