{"id":4694,"date":"2022-03-02T19:41:05","date_gmt":"2022-03-02T18:41:05","guid":{"rendered":"https:\/\/fdp-aktiv.de\/blog\/?p=4694"},"modified":"2022-03-02T19:46:18","modified_gmt":"2022-03-02T18:46:18","slug":"fischbach-maskenpflicht-im-unterricht-muss-generell-ein-ende-habe","status":"publish","type":"post","link":"https:\/\/fdp-aktiv.de\/blog\/2022\/03\/02\/fischbach-maskenpflicht-im-unterricht-muss-generell-ein-ende-habe\/","title":{"rendered":"FISCHBACH: Maskenpflicht im Unterricht muss generell ein Ende haben"},"content":{"rendered":"<p style=\"text-align: left;\">Mit Ausnahme des Sportunterrichts bleibt an Bayerns Schulen die Maskenpflicht nach dem Ende der Faschingsferien bestehen. Das hat heute das Kabinett beschlossen. Dazu der bildungspolitische Sprecher der FDP-Landtagsfraktion\u00a0<strong>Matthias Fischbach<\/strong>:<\/p>\n<figure id=\"attachment_4142\" aria-describedby=\"caption-attachment-4142\" style=\"width: 800px\" class=\"wp-caption aligncenter\"><a href=\"https:\/\/fdp-aktiv.de\/blog\/wp-content\/uploads\/2022\/01\/Matthias_Fischbach_38854_0-scaled.jpg\"><img loading=\"lazy\" decoding=\"async\" class=\"size-large wp-image-4142\" src=\"https:\/\/fdp-aktiv.de\/blog\/wp-content\/uploads\/2022\/01\/Matthias_Fischbach_38854_0-1024x771.jpg\" alt=\"\" width=\"800\" height=\"602\" srcset=\"https:\/\/fdp-aktiv.de\/blog\/wp-content\/uploads\/2022\/01\/Matthias_Fischbach_38854_0-1024x771.jpg 1024w, https:\/\/fdp-aktiv.de\/blog\/wp-content\/uploads\/2022\/01\/Matthias_Fischbach_38854_0-300x226.jpg 300w, https:\/\/fdp-aktiv.de\/blog\/wp-content\/uploads\/2022\/01\/Matthias_Fischbach_38854_0-768x578.jpg 768w, https:\/\/fdp-aktiv.de\/blog\/wp-content\/uploads\/2022\/01\/Matthias_Fischbach_38854_0-1536x1157.jpg 1536w, https:\/\/fdp-aktiv.de\/blog\/wp-content\/uploads\/2022\/01\/Matthias_Fischbach_38854_0-2048x1542.jpg 2048w\" sizes=\"auto, (max-width: 800px) 100vw, 800px\" \/><\/a><figcaption id=\"caption-attachment-4142\" class=\"wp-caption-text\">Matthias Fischbach<\/figcaption><\/figure>\n<p>\u201eKinder und Jugendliche haben in dieser bayerischen Staatsregierung leider keine Lobby. W\u00e4hrend in vielen Bereichen des \u00f6ffentlichen Lebens die maskenfreie Normalit\u00e4t zur\u00fcckkehrt, m\u00fcssen unsere Sch\u00fclerinnen und Sch\u00fclern trotz Tests weiterhin stundenlang Maske tragen. Das ist schlichtweg nicht mehr verh\u00e4ltnism\u00e4\u00dfig. Wie soll das noch jemand nachvollziehen? Zehntausende Fans in den Stadien, ge\u00f6ffnete Diskotheken und Lockerungen in der Gastronomie: Da sind die \u00fcbertrieben harten Einschr\u00e4nkungen in den Schulen einfach aus der Zeit gefallen.\u201c<\/p>\n","protected":false},"excerpt":{"rendered":"<p>Mit Ausnahme des Sportunterrichts bleibt an Bayerns Schulen die Maskenpflicht nach dem Ende der Faschingsferien bestehen. Das hat heute das Kabinett beschlossen. Dazu der bildungspolitische Sprecher der FDP-Landtagsfraktion\u00a0Matthias Fischbach: \u201eKinder [&#8230;]<\/p>\n","protected":false},"author":1,"featured_media":0,"comment_status":"open","ping_status":"closed","sticky":false,"template":"","format":"standard","meta":{"footnotes":""},"categories":[34,4],"tags":[322,894,160,154],"class_list":["post-4694","post","type-post","status-publish","format-standard","hentry","category-bildung","category-covid-19","tag-fdp-bayern","tag-maskenpflicht","tag-matthias-fischbach","tag-schule"],"_links":{"self":[{"href":"https:\/\/fdp-aktiv.de\/blog\/wp-json\/wp\/v2\/posts\/4694","targetHints":{"allow":["GET"]}}],"collection":[{"href":"https:\/\/fdp-aktiv.de\/blog\/wp-json\/wp\/v2\/posts"}],"about":[{"href":"https:\/\/fdp-aktiv.de\/blog\/wp-json\/wp\/v2\/types\/post"}],"author":[{"embeddable":true,"href":"https:\/\/fdp-aktiv.de\/blog\/wp-json\/wp\/v2\/users\/1"}],"replies":[{"embeddable":true,"href":"https:\/\/fdp-aktiv.de\/blog\/wp-json\/wp\/v2\/comments?post=4694"}],"version-history":[{"count":4,"href":"https:\/\/fdp-aktiv.de\/blog\/wp-json\/wp\/v2\/posts\/4694\/revisions"}],"predecessor-version":[{"id":4698,"href":"https:\/\/fdp-aktiv.de\/blog\/wp-json\/wp\/v2\/posts\/4694\/revisions\/4698"}],"wp:attachment":[{"href":"https:\/\/fdp-aktiv.de\/blog\/wp-json\/wp\/v2\/media?parent=4694"}],"wp:term":[{"taxonomy":"category","embeddable":true,"href":"https:\/\/fdp-aktiv.de\/blog\/wp-json\/wp\/v2\/categories?post=4694"},{"taxonomy":"post_tag","embeddable":true,"href":"https:\/\/fdp-aktiv.de\/blog\/wp-json\/wp\/v2\/tags?post=4694"}],"curies":[{"name":"wp","href":"https:\/\/api.w.org\/{rel}","templated":true}]}}