{"id":4714,"date":"2022-03-04T13:02:44","date_gmt":"2022-03-04T12:02:44","guid":{"rendered":"https:\/\/fdp-aktiv.de\/blog\/?p=4714"},"modified":"2022-03-04T13:02:44","modified_gmt":"2022-03-04T12:02:44","slug":"hessen-hilfspaket-fuer-die-frankfurter-messe-muss-schnell-geschnuert-werden","status":"publish","type":"post","link":"https:\/\/fdp-aktiv.de\/blog\/2022\/03\/04\/hessen-hilfspaket-fuer-die-frankfurter-messe-muss-schnell-geschnuert-werden\/","title":{"rendered":"Hessen: Hilfspaket f\u00fcr die Frankfurter Messe muss schnell geschn\u00fcrt werden"},"content":{"rendered":"<div class=\"clearfix text-formatted field field--name-body field--type-text-with-summary field--label-hidden field__item\">\n<ul>\n<li><strong>Zahlungsf\u00e4higkeit sichern und Investitionen erm\u00f6glichen<\/strong><\/li>\n<li><strong>Landesregierung l\u00e4sst n\u00f6tigen Nachdruck vermissen<\/strong><\/li>\n<li><strong>Abstieg Frankfurts in Messe-Zweitklassigkeit verhindern<\/strong><\/li>\n<\/ul>\n<p><img decoding=\"async\" src=\"https:\/\/festhalle.messefrankfurt.com\/content\/dam\/messefrankfurt-redaktion\/corporate\/press\/press-images\/press-dl-entrance-city.jpg\" alt=\"Eingang City Messe Frankfurt\" \/><\/p>\n<p>Dr. Stefan NAAS, wirtschaftspolitischer Sprecher der Freien Demokraten im Hessischen Landtag, zeigt sich angesichts der wirtschaftlichen Lage der Messe Frankfurt \u201ealarmiert\u201c und hat von der Landesregierung einen st\u00e4rkeren Einsatz f\u00fcr die Messe gefordert. \u201eDas Land Hessen ist als Gesellschafter in der Verantwortung, das \u00f6konomische \u00dcberleben der Frankfurter Messe zu sichern, die ein Aush\u00e4ngeschild des Standorts Hessen und dar\u00fcber hinaus ein erheblicher Wirtschaftsfaktor f\u00fcr das Rhein-Main-Gebiet ist. Deshalb muss das im Raum stehende Hilfspaket schnell geschn\u00fcrt und gegebenenfalls auch nachgebessert werden\u201c, erkl\u00e4rt Naas, der aufseiten der Landesregierung den n\u00f6tigen Nachdruck bei diesem Thema vermisst. Er nimmt Bezug auf j\u00fcngste Medienberichte, wonach die Messe mit dem Land sowie der Stadt Frankfurt \u00fcber eine Kapitalerh\u00f6hung von mehr als 200 Millionen Euro verhandelt. \u201eIm ersten Schritt geht es darum, dass die Messe \u00fcberhaupt zahlungsf\u00e4hig bleibt, im zweiten Schritt um dringend erforderliche Investitionen, damit die Messe Frankfurt zukunftsfit und f\u00fcr neue Anforderungen ger\u00fcstet ist.\u201c Ein Beispiel seien Investitionen in Digitalisierung, weil auch nach dem Ende der Corona-Pandemie hybride Veranstaltungen zu erwarten seien.<\/p>\n<p>\u201eDass sich die Messe Frankfurt wegen des russischen Angriffskriegs auf die Ukraine an Sanktionen beteiligt und ihre Teilnahme an Veranstaltungen in Russland abgesagt hat, war vollkommen richtig und alternativlos\u201c, betont Naas. Sie habe aber auch bereits unter Absagen aufgrund der Corona-Krise stark gelitten und namhafte Messen verloren. \u201eDie IAA ist auch aufgrund eines nur halbherzigen Einsatzes des hessischen Wirtschaftsministers nach M\u00fcnchen abgewandert, die Premiummessen der Fashion Week sind zur\u00fcck nach Berlin gegangen, und die Musikmesse wird nicht mehr stattfinden. Das trifft die Besch\u00e4ftigten der Messe, aber auch von ihr direkt oder indirekt profitierende Branchen wie Hotellerie und Gastronomie, Taxibetriebe, Logistik- und Messebauunternehmen. Jetzt gilt es, den Abstieg Frankfurts in die Messe-Zweitklassigkeit zu verhindern und Hilfe zu leisten.\u201c<\/p>\n<p>Um Klarheit \u00fcber die Situation der Messe und das Engagement der Landesregierung zu bekommen, haben die Freien Demokraten heute einen <a href=\"https:\/\/fdp-fraktion-hessen.de\/wp-content\/uploads\/2022\/03\/Dringlicher-Berichtsantrag_Fraktion-FreieDemokraten_Zukunft-des-Messestandorts-Frankfurt.pdf\">Dringlichen Berichtsantrag<\/a> eingereicht. Dieser soll voraussichtlich in der n\u00e4chsten regul\u00e4ren Sitzung des Wirtschaftsausschusses am 16. M\u00e4rz aufgerufen werden.<\/p>\n<\/div>\n","protected":false},"excerpt":{"rendered":"<p>Zahlungsf\u00e4higkeit sichern und Investitionen erm\u00f6glichen Landesregierung l\u00e4sst n\u00f6tigen Nachdruck vermissen Abstieg Frankfurts in Messe-Zweitklassigkeit verhindern Dr. Stefan NAAS, wirtschaftspolitischer Sprecher der Freien Demokraten im Hessischen Landtag, zeigt sich angesichts der [&#8230;]<\/p>\n","protected":false},"author":1,"featured_media":0,"comment_status":"open","ping_status":"closed","sticky":false,"template":"","format":"standard","meta":{"footnotes":""},"categories":[8],"tags":[1302,635,2071],"class_list":["post-4714","post","type-post","status-publish","format-standard","hentry","category-wirtschaft","tag-dr-stefan-naas","tag-fdp-hessen","tag-frankfurter-messe"],"_links":{"self":[{"href":"https:\/\/fdp-aktiv.de\/blog\/wp-json\/wp\/v2\/posts\/4714","targetHints":{"allow":["GET"]}}],"collection":[{"href":"https:\/\/fdp-aktiv.de\/blog\/wp-json\/wp\/v2\/posts"}],"about":[{"href":"https:\/\/fdp-aktiv.de\/blog\/wp-json\/wp\/v2\/types\/post"}],"author":[{"embeddable":true,"href":"https:\/\/fdp-aktiv.de\/blog\/wp-json\/wp\/v2\/users\/1"}],"replies":[{"embeddable":true,"href":"https:\/\/fdp-aktiv.de\/blog\/wp-json\/wp\/v2\/comments?post=4714"}],"version-history":[{"count":1,"href":"https:\/\/fdp-aktiv.de\/blog\/wp-json\/wp\/v2\/posts\/4714\/revisions"}],"predecessor-version":[{"id":4715,"href":"https:\/\/fdp-aktiv.de\/blog\/wp-json\/wp\/v2\/posts\/4714\/revisions\/4715"}],"wp:attachment":[{"href":"https:\/\/fdp-aktiv.de\/blog\/wp-json\/wp\/v2\/media?parent=4714"}],"wp:term":[{"taxonomy":"category","embeddable":true,"href":"https:\/\/fdp-aktiv.de\/blog\/wp-json\/wp\/v2\/categories?post=4714"},{"taxonomy":"post_tag","embeddable":true,"href":"https:\/\/fdp-aktiv.de\/blog\/wp-json\/wp\/v2\/tags?post=4714"}],"curies":[{"name":"wp","href":"https:\/\/api.w.org\/{rel}","templated":true}]}}