{"id":4807,"date":"2022-03-14T18:48:29","date_gmt":"2022-03-14T17:48:29","guid":{"rendered":"https:\/\/fdp-aktiv.de\/blog\/?p=4807"},"modified":"2022-03-14T18:48:29","modified_gmt":"2022-03-14T17:48:29","slug":"youtube-lindner-zum-krisenrabatt-beim-tanken","status":"publish","type":"post","link":"https:\/\/fdp-aktiv.de\/blog\/2022\/03\/14\/youtube-lindner-zum-krisenrabatt-beim-tanken\/","title":{"rendered":"Youtube: Lindner zum Krisenrabatt beim Tanken"},"content":{"rendered":"<figure id=\"attachment_4808\" aria-describedby=\"caption-attachment-4808\" style=\"width: 794px\" class=\"wp-caption aligncenter\"><a href=\"https:\/\/fdp-aktiv.de\/blog\/wp-content\/uploads\/2022\/03\/2022-03-14-18_45_16-Window.png\"><img loading=\"lazy\" decoding=\"async\" class=\"size-full wp-image-4808\" src=\"https:\/\/fdp-aktiv.de\/blog\/wp-content\/uploads\/2022\/03\/2022-03-14-18_45_16-Window.png\" alt=\"\" width=\"794\" height=\"587\" srcset=\"https:\/\/fdp-aktiv.de\/blog\/wp-content\/uploads\/2022\/03\/2022-03-14-18_45_16-Window.png 794w, https:\/\/fdp-aktiv.de\/blog\/wp-content\/uploads\/2022\/03\/2022-03-14-18_45_16-Window-300x222.png 300w, https:\/\/fdp-aktiv.de\/blog\/wp-content\/uploads\/2022\/03\/2022-03-14-18_45_16-Window-768x568.png 768w\" sizes=\"auto, (max-width: 794px) 100vw, 794px\" \/><\/a><figcaption id=\"caption-attachment-4808\" class=\"wp-caption-text\">Christian Lindner<\/figcaption><\/figure>\n<p><span class=\"style-scope yt-formatted-string\" dir=\"auto\">\ud83d\udd34 LIVE: Pressestatement mit Christian Lindner zum Krisenrabatt beim Tanken, zu Russland und zur Ukraine.<\/span><\/p>\n<p><span class=\"style-scope yt-formatted-string\" dir=\"auto\"> Die Rekordpreise an den Tankstellen machen uns allen zu schaffen. Wir lassen die B\u00fcrgerinnen, B\u00fcrger und Betriebe, die auf Ihr Auto angewiesen sind, mit den steigenden Preisen nicht allein. Denn gerade Pendlerinnen und Pendler im l\u00e4ndlichen Raum, Gewerbetreibende, Handwerk und die Logistikbranche haben kurzfristig keine Alternative zu PKW, Kleintransporter, Bus oder LKW. <\/span><\/p>\n<p><span class=\"style-scope yt-formatted-string\" dir=\"auto\">F\u00fcr eine schnelle und sp\u00fcrbare Entlastung schlagen wir einen <\/span><a class=\"yt-simple-endpoint style-scope yt-formatted-string\" dir=\"auto\" spellcheck=\"false\" href=\"https:\/\/www.youtube.com\/hashtag\/krisenrabatt\">#Krisenrabatt<\/a><span class=\"style-scope yt-formatted-string\" dir=\"auto\"> auf Kraftstoffe vor, der unmittelbar die Preise f\u00fcr Verbraucherinnen und Verbraucher reduziert. Dazu soll auf jede Tankrechnung direkt an der Ladenkasse ein fixer Rabatt je Liter Benzin und Diesel gew\u00e4hrt werden. Der Preis an der Zapfs\u00e4ule bleibt dagegen unver\u00e4ndert, damit volle Transparenz bestehen bleibt und keine Anreize zu weiteren Preiserh\u00f6hungen gesetzt werden. <\/span><\/p>\n<p><span class=\"style-scope yt-formatted-string\" dir=\"auto\">Die Erstattung des Rabatts an die Tankstellenbetreiber bzw. Mineral\u00f6lgesellschaften erfolgt durch den Staat auf der Basis der verkauften Gesamtmenge an Sprit. F\u00fcr den individuellen Verbraucher f\u00e4llt somit kein b\u00fcrokratischer Vorgang an.<\/span><\/p>\n<p>&nbsp;<\/p>\n<p><iframe loading=\"lazy\" title=\"\ud83d\udd34 LIVE: Lindner zum Krisenrabatt beim Tanken\" width=\"800\" height=\"450\" src=\"https:\/\/www.youtube.com\/embed\/Y0x8Dd3IXVw?feature=oembed\" frameborder=\"0\" allow=\"accelerometer; autoplay; clipboard-write; encrypted-media; gyroscope; picture-in-picture\" allowfullscreen><\/iframe><\/p>\n","protected":false},"excerpt":{"rendered":"<p>\ud83d\udd34 LIVE: Pressestatement mit Christian Lindner zum Krisenrabatt beim Tanken, zu Russland und zur Ukraine. Die Rekordpreise an den Tankstellen machen uns allen zu schaffen. Wir lassen die B\u00fcrgerinnen, B\u00fcrger [&#8230;]<\/p>\n","protected":false},"author":1,"featured_media":0,"comment_status":"open","ping_status":"closed","sticky":false,"template":"","format":"standard","meta":{"footnotes":""},"categories":[1979,144,8],"tags":[12,13,2098,2099],"class_list":["post-4807","post","type-post","status-publish","format-standard","hentry","category-energie","category-verkehr-innenpolitik","category-wirtschaft","tag-christian-lindner","tag-fdp","tag-kraftstoffe","tag-krisenrabatt"],"_links":{"self":[{"href":"https:\/\/fdp-aktiv.de\/blog\/wp-json\/wp\/v2\/posts\/4807","targetHints":{"allow":["GET"]}}],"collection":[{"href":"https:\/\/fdp-aktiv.de\/blog\/wp-json\/wp\/v2\/posts"}],"about":[{"href":"https:\/\/fdp-aktiv.de\/blog\/wp-json\/wp\/v2\/types\/post"}],"author":[{"embeddable":true,"href":"https:\/\/fdp-aktiv.de\/blog\/wp-json\/wp\/v2\/users\/1"}],"replies":[{"embeddable":true,"href":"https:\/\/fdp-aktiv.de\/blog\/wp-json\/wp\/v2\/comments?post=4807"}],"version-history":[{"count":1,"href":"https:\/\/fdp-aktiv.de\/blog\/wp-json\/wp\/v2\/posts\/4807\/revisions"}],"predecessor-version":[{"id":4809,"href":"https:\/\/fdp-aktiv.de\/blog\/wp-json\/wp\/v2\/posts\/4807\/revisions\/4809"}],"wp:attachment":[{"href":"https:\/\/fdp-aktiv.de\/blog\/wp-json\/wp\/v2\/media?parent=4807"}],"wp:term":[{"taxonomy":"category","embeddable":true,"href":"https:\/\/fdp-aktiv.de\/blog\/wp-json\/wp\/v2\/categories?post=4807"},{"taxonomy":"post_tag","embeddable":true,"href":"https:\/\/fdp-aktiv.de\/blog\/wp-json\/wp\/v2\/tags?post=4807"}],"curies":[{"name":"wp","href":"https:\/\/api.w.org\/{rel}","templated":true}]}}