{"id":4821,"date":"2022-03-16T10:57:27","date_gmt":"2022-03-16T09:57:27","guid":{"rendered":"https:\/\/fdp-aktiv.de\/blog\/?p=4821"},"modified":"2022-03-16T10:57:27","modified_gmt":"2022-03-16T09:57:27","slug":"bayern-fdp-gruene-und-spd-digitalgesetz-darf-nicht-nur-ein-stapel-papier-bleiben","status":"publish","type":"post","link":"https:\/\/fdp-aktiv.de\/blog\/2022\/03\/16\/bayern-fdp-gruene-und-spd-digitalgesetz-darf-nicht-nur-ein-stapel-papier-bleiben\/","title":{"rendered":"Bayern: FDP, Gr\u00fcne und SPD: Digitalgesetz darf nicht nur ein Stapel Papier bleiben!"},"content":{"rendered":"<p><strong>Auf Initiative von Gr\u00fcnen, SPD und FDP: Anh\u00f6rung zum Entwurf Bayerisches Digitalgesetz am Donnerstag, 17. M\u00e4rz 2022<\/strong><\/p>\n<p>Die demokratischen Oppositionsparteien im Bayerischen Landtag sind sich einig: Bayern braucht dringend ein Gesetz, das klare Ziele und Rahmenbedingungen f\u00fcr den\u00a0Prozess der Digitalen Transformation von Gesellschaft, Wirtschaft, Staat und Verwaltung vorgibt. Um dies sicherzustellen, haben die\u00a0<strong>Fraktionen von FDP, SPD und Gr\u00fcnen<\/strong>\u00a0eine Anh\u00f6rung mit Minderheitenvotum durchgesetzt. Diese Expert*innen-Anh\u00f6rung wird in der n\u00e4chsten Sitzung des\u00a0Ausschusses f\u00fcr Wirtschaft, Landesentwicklung, Energie, Medien und Digitalisierung\u00a0<em>(morgen, Donnerstag, 17.3.2022 ab 10.00 Uhr)<\/em>\u00a0stattfinden.<\/p>\n<p><strong>Helmut Kaltenhauser<\/strong>, Sprecher f\u00fcr Digitalisierung der FDP-Landtagsfraktion, sagt: \u201eEin bayerisches Digitalisierungsgesetz ist l\u00e4ngst \u00fcberf\u00e4llig. Mehr als drei Jahre hat das 2018 gegr\u00fcndete Digitalministerium daf\u00fcr gebraucht. Und herausgekommen ist ein l\u00fcckenhafter Gesetzentwurf, der die Tinte auf dem Papier nicht wert ist. Der Gesetzentwurf geh\u00f6rt von Grund auf \u00fcberarbeitet. Ministerin Gerlach t\u00e4te gut daran, unsere Vorschl\u00e4ge und die der Experten zu ber\u00fccksichtigen und Bayern endlich ein Digitalgesetz vorzulegen, was seinen Namen auch verdient!\u201c<\/p>\n<figure id=\"attachment_4120\" aria-describedby=\"caption-attachment-4120\" style=\"width: 800px\" class=\"wp-caption aligncenter\"><a href=\"https:\/\/fdp-aktiv.de\/blog\/wp-content\/uploads\/2022\/01\/Helmut_Kaltenhauser_35689_0-1-scaled.jpg\"><img loading=\"lazy\" decoding=\"async\" class=\"size-large wp-image-4120\" src=\"https:\/\/fdp-aktiv.de\/blog\/wp-content\/uploads\/2022\/01\/Helmut_Kaltenhauser_35689_0-1-1024x768.jpg\" alt=\"\" width=\"800\" height=\"600\" srcset=\"https:\/\/fdp-aktiv.de\/blog\/wp-content\/uploads\/2022\/01\/Helmut_Kaltenhauser_35689_0-1-1024x768.jpg 1024w, https:\/\/fdp-aktiv.de\/blog\/wp-content\/uploads\/2022\/01\/Helmut_Kaltenhauser_35689_0-1-300x225.jpg 300w, https:\/\/fdp-aktiv.de\/blog\/wp-content\/uploads\/2022\/01\/Helmut_Kaltenhauser_35689_0-1-768x576.jpg 768w, https:\/\/fdp-aktiv.de\/blog\/wp-content\/uploads\/2022\/01\/Helmut_Kaltenhauser_35689_0-1-1536x1152.jpg 1536w, https:\/\/fdp-aktiv.de\/blog\/wp-content\/uploads\/2022\/01\/Helmut_Kaltenhauser_35689_0-1-2048x1536.jpg 2048w\" sizes=\"auto, (max-width: 800px) 100vw, 800px\" \/><\/a><figcaption id=\"caption-attachment-4120\" class=\"wp-caption-text\">Dr. Helmut Kaltenhauser<\/figcaption><\/figure>\n<p><strong>Benjamin Adjei<\/strong>, Sprecher f\u00fcr Digitalisierung der Landtags-Gr\u00fcnen: \u201eEin solches Gesetz kann nur dann echte Power entwickeln, wenn entscheidende Punkte auch verpflichtend sind. Nachhaltigkeit, offene Daten und Barrierefreiheit d\u00fcrfen keine blo\u00dfen Floskeln sein. Au\u00dferdem braucht es echte Kontrollmechanismen. F\u00fcr uns Gr\u00fcne ist klar: Nur durch gr\u00f6\u00dftm\u00f6gliche Transparenz k\u00f6nnen wir eine digitale Gesellschaft schaffen, die sich am Menschen orientiert!\u201c<\/p>\n<p>Konkrete Punkte f\u00fcr die Anh\u00f6rung, die gleichzeitig auch Teil eines wirkungsvollen Gesetzes sein m\u00fcssten, sind die verbindliche Vorgabe f\u00fcr digitale Teilhabe, ein Recht auf Verschl\u00fcsselung, eine Open-Data-Regelung mit weitgehenden Verwertungsrechten, die Ber\u00fccksichtigung der Digitalisierung in der Verwaltung bei Kommunen und eine deutlich gest\u00e4rkte Rolle des Bayerischen Digitalministeriums.<\/p>\n<p>\u201eDer Erfolg des Gesetzes muss sich am Ende an den praktischen Verbesserungen f\u00fcr die B\u00fcrgerinnen und B\u00fcrger messen lassen. Diesbez\u00fcglich ist der Entwurf noch zu vage. Bereiche wie zum Beispiel die Schulen sind ganz aus dem Anwendungsbereich ausgenommen. Eine Vorreiterrolle \u2013 wie sie sich die Staatsregierung gerne zuschreibt \u2013 ergibt sich nicht durch Schnelligkeit, blo\u00dfe Ank\u00fcndigungen und gro\u00dfe \u00dcberschriften, sondern durch ein Gesetz, das den Menschen konkret das Leben leichter macht\u201c, sagt <strong>Annette Karl<\/strong>, Sprecherin f\u00fcr Digitalisierung, der SPD-Landtagsfraktion.<\/p>\n","protected":false},"excerpt":{"rendered":"<p>Auf Initiative von Gr\u00fcnen, SPD und FDP: Anh\u00f6rung zum Entwurf Bayerisches Digitalgesetz am Donnerstag, 17. M\u00e4rz 2022 Die demokratischen Oppositionsparteien im Bayerischen Landtag sind sich einig: Bayern braucht dringend ein [&#8230;]<\/p>\n","protected":false},"author":1,"featured_media":0,"comment_status":"open","ping_status":"closed","sticky":false,"template":"","format":"standard","meta":{"footnotes":""},"categories":[68],"tags":[1419,2105,1003,1878,322],"class_list":["post-4821","post","type-post","status-publish","format-standard","hentry","category-digital","tag-digital","tag-digitalisierungsgesetz","tag-digitalministerium","tag-dr-helmut-kaltenhauser","tag-fdp-bayern"],"_links":{"self":[{"href":"https:\/\/fdp-aktiv.de\/blog\/wp-json\/wp\/v2\/posts\/4821","targetHints":{"allow":["GET"]}}],"collection":[{"href":"https:\/\/fdp-aktiv.de\/blog\/wp-json\/wp\/v2\/posts"}],"about":[{"href":"https:\/\/fdp-aktiv.de\/blog\/wp-json\/wp\/v2\/types\/post"}],"author":[{"embeddable":true,"href":"https:\/\/fdp-aktiv.de\/blog\/wp-json\/wp\/v2\/users\/1"}],"replies":[{"embeddable":true,"href":"https:\/\/fdp-aktiv.de\/blog\/wp-json\/wp\/v2\/comments?post=4821"}],"version-history":[{"count":1,"href":"https:\/\/fdp-aktiv.de\/blog\/wp-json\/wp\/v2\/posts\/4821\/revisions"}],"predecessor-version":[{"id":4822,"href":"https:\/\/fdp-aktiv.de\/blog\/wp-json\/wp\/v2\/posts\/4821\/revisions\/4822"}],"wp:attachment":[{"href":"https:\/\/fdp-aktiv.de\/blog\/wp-json\/wp\/v2\/media?parent=4821"}],"wp:term":[{"taxonomy":"category","embeddable":true,"href":"https:\/\/fdp-aktiv.de\/blog\/wp-json\/wp\/v2\/categories?post=4821"},{"taxonomy":"post_tag","embeddable":true,"href":"https:\/\/fdp-aktiv.de\/blog\/wp-json\/wp\/v2\/tags?post=4821"}],"curies":[{"name":"wp","href":"https:\/\/api.w.org\/{rel}","templated":true}]}}