{"id":4859,"date":"2022-03-17T14:29:58","date_gmt":"2022-03-17T13:29:58","guid":{"rendered":"https:\/\/fdp-aktiv.de\/blog\/?p=4859"},"modified":"2022-03-17T14:30:44","modified_gmt":"2022-03-17T13:30:44","slug":"niedersachsen-statement-hermann-grupe-zum-naehrstoffbericht-2","status":"publish","type":"post","link":"https:\/\/fdp-aktiv.de\/blog\/2022\/03\/17\/niedersachsen-statement-hermann-grupe-zum-naehrstoffbericht-2\/","title":{"rendered":"Niedersachsen: Statement Hermann Grupe zum N\u00e4hrstoffbericht"},"content":{"rendered":"<p>zum heute vorgestellten N\u00e4hrstoffbericht sagt der landwirtschaftspolitische Sprecher der nieders\u00e4chsischen FDP-Landtagsfraktion, Hermann Grupe:<\/p>\n<p><a href=\"https:\/\/fdp-aktiv.de\/blog\/wp-content\/uploads\/2022\/03\/csm_GRUPE_HERMANN_1098_43edc025bf.jpg\"><img loading=\"lazy\" decoding=\"async\" class=\"aligncenter size-full wp-image-4860\" src=\"https:\/\/fdp-aktiv.de\/blog\/wp-content\/uploads\/2022\/03\/csm_GRUPE_HERMANN_1098_43edc025bf.jpg\" alt=\"\" width=\"560\" height=\"750\" srcset=\"https:\/\/fdp-aktiv.de\/blog\/wp-content\/uploads\/2022\/03\/csm_GRUPE_HERMANN_1098_43edc025bf.jpg 560w, https:\/\/fdp-aktiv.de\/blog\/wp-content\/uploads\/2022\/03\/csm_GRUPE_HERMANN_1098_43edc025bf-224x300.jpg 224w\" sizes=\"auto, (max-width: 560px) 100vw, 560px\" \/><\/a><\/p>\n<p>\u201eDie Pflanzenern\u00e4hrung mit Stickstoffd\u00fcnger durch die nieders\u00e4chsischen Landwirte liegt landesweit unter dem Bedarf. Wenn die roten Gebiete auch erfasst werden, liegt die D\u00fcngung sogar deutlich unter dem Bedarf. Der Generalverdacht, die Landwirtschaft w\u00fcrde \u00fcberd\u00fcngen, ist damit eindeutig\u00a0widerlegt. Sie hat ihren Beitrag zum Gew\u00e4sserschutz nicht nur geleistet, sondern deutlich \u00fcbererf\u00fcllt. Jetzt muss die Politik ihr erm\u00f6glichen, auch ihren Beitrag zur Entspannung der weltweiten Lebensmittelkrise zu leisten. In der aktuellen politischen Situation ist jede Anstrengung n\u00f6tig, um eine\u00a0Hungerkatastrophe in vielen L\u00e4ndern der Welt zu verhindern. Eine starke\u00a0Unterd\u00fcngung in den roten Gebieten ist ethisch-moralisch deshalb nicht vertretbar. Es w\u00fcrden nicht nur geringere Mengen produziert, sondern statt wertvollem Brotweizen w\u00fcrde nur noch minderwertiger Futterweizen zu ernten sein. D\u00fcnger ist zu einem sehr knappen und teuren Hilfsmittel geworden. Alleine schon dieser Umstand stellt sicher, dass er sparsam und nur dort, wo wirklich n\u00f6tig, eingesetzt wird.\u201c<\/p>\n","protected":false},"excerpt":{"rendered":"<p>zum heute vorgestellten N\u00e4hrstoffbericht sagt der landwirtschaftspolitische Sprecher der nieders\u00e4chsischen FDP-Landtagsfraktion, Hermann Grupe: \u201eDie Pflanzenern\u00e4hrung mit Stickstoffd\u00fcnger durch die nieders\u00e4chsischen Landwirte liegt landesweit unter dem Bedarf. Wenn die roten Gebiete [&#8230;]<\/p>\n","protected":false},"author":1,"featured_media":0,"comment_status":"open","ping_status":"closed","sticky":false,"template":"","format":"standard","meta":{"footnotes":""},"categories":[410],"tags":[638,883,1420,1761],"class_list":["post-4859","post","type-post","status-publish","format-standard","hentry","category-landwirtschaft","tag-fdp-nds","tag-hermann-grupe","tag-landwirtschaft","tag-naehrstoffbericht"],"_links":{"self":[{"href":"https:\/\/fdp-aktiv.de\/blog\/wp-json\/wp\/v2\/posts\/4859","targetHints":{"allow":["GET"]}}],"collection":[{"href":"https:\/\/fdp-aktiv.de\/blog\/wp-json\/wp\/v2\/posts"}],"about":[{"href":"https:\/\/fdp-aktiv.de\/blog\/wp-json\/wp\/v2\/types\/post"}],"author":[{"embeddable":true,"href":"https:\/\/fdp-aktiv.de\/blog\/wp-json\/wp\/v2\/users\/1"}],"replies":[{"embeddable":true,"href":"https:\/\/fdp-aktiv.de\/blog\/wp-json\/wp\/v2\/comments?post=4859"}],"version-history":[{"count":2,"href":"https:\/\/fdp-aktiv.de\/blog\/wp-json\/wp\/v2\/posts\/4859\/revisions"}],"predecessor-version":[{"id":4862,"href":"https:\/\/fdp-aktiv.de\/blog\/wp-json\/wp\/v2\/posts\/4859\/revisions\/4862"}],"wp:attachment":[{"href":"https:\/\/fdp-aktiv.de\/blog\/wp-json\/wp\/v2\/media?parent=4859"}],"wp:term":[{"taxonomy":"category","embeddable":true,"href":"https:\/\/fdp-aktiv.de\/blog\/wp-json\/wp\/v2\/categories?post=4859"},{"taxonomy":"post_tag","embeddable":true,"href":"https:\/\/fdp-aktiv.de\/blog\/wp-json\/wp\/v2\/tags?post=4859"}],"curies":[{"name":"wp","href":"https:\/\/api.w.org\/{rel}","templated":true}]}}