{"id":4865,"date":"2022-03-17T20:34:39","date_gmt":"2022-03-17T19:34:39","guid":{"rendered":"https:\/\/fdp-aktiv.de\/blog\/?p=4865"},"modified":"2022-03-17T20:34:39","modified_gmt":"2022-03-17T19:34:39","slug":"fischbach-in-piazolos-bayerncloud-ist-gar-keine-cloud-drin","status":"publish","type":"post","link":"https:\/\/fdp-aktiv.de\/blog\/2022\/03\/17\/fischbach-in-piazolos-bayerncloud-ist-gar-keine-cloud-drin\/","title":{"rendered":"FISCHBACH: In Piazolos &#8220;BayernCloud&#8221; ist gar keine Cloud drin"},"content":{"rendered":"<p>Nach den Osterferien soll in Bayern an ausgew\u00e4hlten Schulen ein neues Web-Portal eingef\u00fchrt werden. Unter dem Dach der \u201eBayernCloud Schule\u201c sollen s\u00e4mtliche digitalen Angebote des Kultusministeriums geb\u00fcndelt werden, darunter auch die Lernplattform mebis. Kultusminister Michael Piazolo bezeichnete die neue Cloud als weiteren Meilenstein f\u00fcr die Digitalisierung der bayerischen Schulen. Dazu der bildungspolitische Sprecher der FDP-Fraktion im Bayerischen Landtag <strong>Matthias Fischbach<\/strong>:<\/p>\n<figure id=\"attachment_4142\" aria-describedby=\"caption-attachment-4142\" style=\"width: 800px\" class=\"wp-caption aligncenter\"><a href=\"https:\/\/fdp-aktiv.de\/blog\/wp-content\/uploads\/2022\/01\/Matthias_Fischbach_38854_0-scaled.jpg\"><img loading=\"lazy\" decoding=\"async\" class=\"size-large wp-image-4142\" src=\"https:\/\/fdp-aktiv.de\/blog\/wp-content\/uploads\/2022\/01\/Matthias_Fischbach_38854_0-1024x771.jpg\" alt=\"\" width=\"800\" height=\"602\" srcset=\"https:\/\/fdp-aktiv.de\/blog\/wp-content\/uploads\/2022\/01\/Matthias_Fischbach_38854_0-1024x771.jpg 1024w, https:\/\/fdp-aktiv.de\/blog\/wp-content\/uploads\/2022\/01\/Matthias_Fischbach_38854_0-300x226.jpg 300w, https:\/\/fdp-aktiv.de\/blog\/wp-content\/uploads\/2022\/01\/Matthias_Fischbach_38854_0-768x578.jpg 768w, https:\/\/fdp-aktiv.de\/blog\/wp-content\/uploads\/2022\/01\/Matthias_Fischbach_38854_0-1536x1157.jpg 1536w, https:\/\/fdp-aktiv.de\/blog\/wp-content\/uploads\/2022\/01\/Matthias_Fischbach_38854_0-2048x1542.jpg 2048w\" sizes=\"auto, (max-width: 800px) 100vw, 800px\" \/><\/a><figcaption id=\"caption-attachment-4142\" class=\"wp-caption-text\">Matthias Fischbach<\/figcaption><\/figure>\n<p>\u201eDieses digitale Schneckentempo ist mehr peinlich! Was Kultusminister Michael Piazolo hier vollmundig als \u201aBayernCloud\u2018 verkauft, ist eine Mogelpackung. Es steckt noch gar kein Cloud-Speicher drin. Es handelt sich nur um eine individuelle Startseite mit ein paar Links. Mehr nicht. Eine origin\u00e4re Cloud-Anwendung, bei der die Schulen weder eigene Server- und Speicherkapazit\u00e4ten bereitstellen noch sich um die Administration und Konfiguration der Hard- und Software k\u00fcmmern m\u00fcssen, bietet das Web-Portal nicht. Ebenfalls fehlen Web-Office-Anwendungen und ein Messenger-Dienst. Diese werden erst in der dritten Ausbaustufe kommen, die noch in weiter Ferne liegt.\u201c<\/p>\n","protected":false},"excerpt":{"rendered":"<p>Nach den Osterferien soll in Bayern an ausgew\u00e4hlten Schulen ein neues Web-Portal eingef\u00fchrt werden. Unter dem Dach der \u201eBayernCloud Schule\u201c sollen s\u00e4mtliche digitalen Angebote des Kultusministeriums geb\u00fcndelt werden, darunter auch [&#8230;]<\/p>\n","protected":false},"author":1,"featured_media":0,"comment_status":"open","ping_status":"closed","sticky":false,"template":"","format":"standard","meta":{"footnotes":""},"categories":[34,68],"tags":[2116,322,160,2117],"class_list":["post-4865","post","type-post","status-publish","format-standard","hentry","category-bildung","category-digital","tag-bayerncloud","tag-fdp-bayern","tag-matthias-fischbach","tag-michael-piazolo"],"_links":{"self":[{"href":"https:\/\/fdp-aktiv.de\/blog\/wp-json\/wp\/v2\/posts\/4865","targetHints":{"allow":["GET"]}}],"collection":[{"href":"https:\/\/fdp-aktiv.de\/blog\/wp-json\/wp\/v2\/posts"}],"about":[{"href":"https:\/\/fdp-aktiv.de\/blog\/wp-json\/wp\/v2\/types\/post"}],"author":[{"embeddable":true,"href":"https:\/\/fdp-aktiv.de\/blog\/wp-json\/wp\/v2\/users\/1"}],"replies":[{"embeddable":true,"href":"https:\/\/fdp-aktiv.de\/blog\/wp-json\/wp\/v2\/comments?post=4865"}],"version-history":[{"count":1,"href":"https:\/\/fdp-aktiv.de\/blog\/wp-json\/wp\/v2\/posts\/4865\/revisions"}],"predecessor-version":[{"id":4866,"href":"https:\/\/fdp-aktiv.de\/blog\/wp-json\/wp\/v2\/posts\/4865\/revisions\/4866"}],"wp:attachment":[{"href":"https:\/\/fdp-aktiv.de\/blog\/wp-json\/wp\/v2\/media?parent=4865"}],"wp:term":[{"taxonomy":"category","embeddable":true,"href":"https:\/\/fdp-aktiv.de\/blog\/wp-json\/wp\/v2\/categories?post=4865"},{"taxonomy":"post_tag","embeddable":true,"href":"https:\/\/fdp-aktiv.de\/blog\/wp-json\/wp\/v2\/tags?post=4865"}],"curies":[{"name":"wp","href":"https:\/\/api.w.org\/{rel}","templated":true}]}}