{"id":4902,"date":"2022-03-20T19:32:01","date_gmt":"2022-03-20T18:32:01","guid":{"rendered":"https:\/\/fdp-aktiv.de\/blog\/?p=4902"},"modified":"2022-03-20T19:39:02","modified_gmt":"2022-03-20T18:39:02","slug":"gastbeitrag-alexander-buschner-zu-neuen-erkenntnissen-gegen-hotspot-und-impfpflicht","status":"publish","type":"post","link":"https:\/\/fdp-aktiv.de\/blog\/2022\/03\/20\/gastbeitrag-alexander-buschner-zu-neuen-erkenntnissen-gegen-hotspot-und-impfpflicht\/","title":{"rendered":"Gastbeitrag: Alexander Buschner zu neuen Erkenntnissen gegen Hotspot und Impfpflicht"},"content":{"rendered":"<p>Die sich in Gr\u00fcndung befindende \u201cWissenschaft f\u00fcr die Gesellschaft\u201c, kurz wiges, ver\u00f6ffentlichte unter wiges.org Fact-Sheets zur \u00dcberlastung des Gesundheitssystems, den m\u00f6glichen Risiken des Covid-Impfstoffe sowie zur altersabh\u00e4ngigen Gef\u00e4hrlichkeit von Covid-19. Der freiheitsliebende Stralsunder FDP-Aktivist Alexander Buschner unterst\u00fctzt diese Aktion: \u201eIch w\u00fcrde Gesundheitsminister Lauterbach empfehlen, sich in dieser Hinsicht weiterzubilden\u201c.<\/p>\n<figure id=\"attachment_3916\" aria-describedby=\"caption-attachment-3916\" style=\"width: 800px\" class=\"wp-caption aligncenter\"><a href=\"https:\/\/fdp-aktiv.de\/blog\/wp-content\/uploads\/2022\/01\/Bild-6.jpg\"><img loading=\"lazy\" decoding=\"async\" class=\"size-large wp-image-3916\" src=\"https:\/\/fdp-aktiv.de\/blog\/wp-content\/uploads\/2022\/01\/Bild-6-1024x576.jpg\" alt=\"\" width=\"800\" height=\"450\" srcset=\"https:\/\/fdp-aktiv.de\/blog\/wp-content\/uploads\/2022\/01\/Bild-6-1024x576.jpg 1024w, https:\/\/fdp-aktiv.de\/blog\/wp-content\/uploads\/2022\/01\/Bild-6-300x169.jpg 300w, https:\/\/fdp-aktiv.de\/blog\/wp-content\/uploads\/2022\/01\/Bild-6-768x432.jpg 768w, https:\/\/fdp-aktiv.de\/blog\/wp-content\/uploads\/2022\/01\/Bild-6.jpg 1169w\" sizes=\"auto, (max-width: 800px) 100vw, 800px\" \/><\/a><figcaption id=\"caption-attachment-3916\" class=\"wp-caption-text\">Alexander Buschner<\/figcaption><\/figure>\n<p>Nachdem Buschner gegen\u00fcber der Ostsee-Zeitung bereits ank\u00fcndigte, gegen einen von Patrick Dahlemann aus der Rot-Roten Landesregierung angek\u00fcndigten Hotspot-MV klagen zu wollen, sieht er sich durch die Aktion der \u201cWissenschaft f\u00fcr Gesellschaft\u201c in seinen Pl\u00e4nen best\u00e4tigt. \u201eWie bereits das Bundesjustizministerium festgestellt hat, rechtfertigt die harmlose Omikron-Variante keine Aufrechterhaltung von Ma\u00dfnahmen, schon gar nicht fl\u00e4chendeckend. Die jetzt von der \u201cWissenschaft f\u00fcr die Gesellschaft\u201c ver\u00f6ffentlichten Tatsachen unterst\u00fctzen diese Auffassung. Eine \u00dcberlastung des Gesundheitssystems ist nicht zu bef\u00fcrchten. Die Entscheidung f\u00fcr oder gegen die Impfung muss vom Individuum ohne gesellschaftliche Nachteile getroffen werden k\u00f6nnen.\u201c<\/p>\n<p>Die im Beitrag erw\u00e4hnte Website ist unter dem folgenden Link abrufbar: <a href=\"https:\/\/wiges.org\/\">https:\/\/wiges.org\/<\/a><\/p>\n","protected":false},"excerpt":{"rendered":"<p>Die sich in Gr\u00fcndung befindende \u201cWissenschaft f\u00fcr die Gesellschaft\u201c, kurz wiges, ver\u00f6ffentlichte unter wiges.org Fact-Sheets zur \u00dcberlastung des Gesundheitssystems, den m\u00f6glichen Risiken des Covid-Impfstoffe sowie zur altersabh\u00e4ngigen Gef\u00e4hrlichkeit von Covid-19. [&#8230;]<\/p>\n","protected":false},"author":1,"featured_media":0,"comment_status":"open","ping_status":"closed","sticky":false,"template":"","format":"standard","meta":{"footnotes":""},"categories":[4],"tags":[1797,2127,291,2125,2126],"class_list":["post-4902","post","type-post","status-publish","format-standard","hentry","category-covid-19","tag-alexander-buschner","tag-hotspot","tag-impfpflicht","tag-widges","tag-wissenschaft-fuer-die-gesellschaft"],"_links":{"self":[{"href":"https:\/\/fdp-aktiv.de\/blog\/wp-json\/wp\/v2\/posts\/4902","targetHints":{"allow":["GET"]}}],"collection":[{"href":"https:\/\/fdp-aktiv.de\/blog\/wp-json\/wp\/v2\/posts"}],"about":[{"href":"https:\/\/fdp-aktiv.de\/blog\/wp-json\/wp\/v2\/types\/post"}],"author":[{"embeddable":true,"href":"https:\/\/fdp-aktiv.de\/blog\/wp-json\/wp\/v2\/users\/1"}],"replies":[{"embeddable":true,"href":"https:\/\/fdp-aktiv.de\/blog\/wp-json\/wp\/v2\/comments?post=4902"}],"version-history":[{"count":5,"href":"https:\/\/fdp-aktiv.de\/blog\/wp-json\/wp\/v2\/posts\/4902\/revisions"}],"predecessor-version":[{"id":4907,"href":"https:\/\/fdp-aktiv.de\/blog\/wp-json\/wp\/v2\/posts\/4902\/revisions\/4907"}],"wp:attachment":[{"href":"https:\/\/fdp-aktiv.de\/blog\/wp-json\/wp\/v2\/media?parent=4902"}],"wp:term":[{"taxonomy":"category","embeddable":true,"href":"https:\/\/fdp-aktiv.de\/blog\/wp-json\/wp\/v2\/categories?post=4902"},{"taxonomy":"post_tag","embeddable":true,"href":"https:\/\/fdp-aktiv.de\/blog\/wp-json\/wp\/v2\/tags?post=4902"}],"curies":[{"name":"wp","href":"https:\/\/api.w.org\/{rel}","templated":true}]}}