{"id":4966,"date":"2022-03-25T16:50:50","date_gmt":"2022-03-25T15:50:50","guid":{"rendered":"https:\/\/fdp-aktiv.de\/blog\/?p=4966"},"modified":"2022-10-01T09:03:11","modified_gmt":"2022-10-01T07:03:11","slug":"duerr-interview-uns-war-wichtig-dass-es-entlastung-an-der-tankstelle-gibt","status":"publish","type":"post","link":"https:\/\/fdp-aktiv.de\/blog\/2022\/03\/25\/duerr-interview-uns-war-wichtig-dass-es-entlastung-an-der-tankstelle-gibt\/","title":{"rendered":"D\u00dcRR-Interview: Uns war wichtig, dass es Entlastung an der Tankstelle gibt"},"content":{"rendered":"<p>Der FDP-Fraktionsvorsitzende Christian D\u00fcrr gab der \u201eRheinischen Post\u201c (Freitagsausgabe) das folgende Interview. Die Fragen stellte Kerstin M\u00fcnstermann:<\/p>\n<figure id=\"attachment_4296\" aria-describedby=\"caption-attachment-4296\" style=\"width: 545px\" class=\"wp-caption aligncenter\"><a href=\"https:\/\/fdp-aktiv.de\/blog\/wp-content\/uploads\/2022\/02\/Duerr.png\"><img loading=\"lazy\" decoding=\"async\" class=\"size-full wp-image-4296\" src=\"https:\/\/fdp-aktiv.de\/blog\/wp-content\/uploads\/2022\/02\/Duerr.png\" alt=\"\" width=\"545\" height=\"545\" srcset=\"https:\/\/fdp-aktiv.de\/blog\/wp-content\/uploads\/2022\/02\/Duerr.png 545w, https:\/\/fdp-aktiv.de\/blog\/wp-content\/uploads\/2022\/02\/Duerr-300x300.png 300w, https:\/\/fdp-aktiv.de\/blog\/wp-content\/uploads\/2022\/02\/Duerr-150x150.png 150w, https:\/\/fdp-aktiv.de\/blog\/wp-content\/uploads\/2022\/02\/Duerr-400x400.png 400w\" sizes=\"auto, (max-width: 545px) 100vw, 545px\" \/><\/a><figcaption id=\"caption-attachment-4296\" class=\"wp-caption-text\">Christian D\u00fcrr<\/figcaption><\/figure>\n<p>Frage: Was ist denn die FDP-Handschrift bei dem Entlastungpaket?<\/p>\n<p>D\u00fcrr: Uns war wichtig, dass es Entlastung an der Tankstelle gibt. Das haben wir mit dem Steuerrabatt auf Kraftstoffe auch geschafft. Auf der anderen Seite wird es eine Sonderentlastung von 300 Euro f\u00fcr jeden Erwerbst\u00e4tigen geben, die zwar zu versteuern ist, aber zun\u00e4chst f\u00fcr eine Entlastung sorgt. Wir entlasten sozial Schw\u00e4chere ganz gezielt, aber wir d\u00fcrfen auch die Arbeitnehmer nicht vergessen. Das war uns ein Herzensanliegen. Wir freuen uns dar\u00fcber, dass sich die Ampel darauf einigen konnte.<\/p>\n<p>Frage: Die FDP h\u00e4lt aber doch Zahlungen nach dem Gie\u00dfkannenprinzip und Subventionen f\u00fcr falsche Mittel, setzt aber jetzt darauf. Ist das richtig?<\/p>\n<p>D\u00fcrr: Wir sind vor allem f\u00fcr Entlastungen zu haben. Der Staat muss auf die stark gestiegenen Energiekosten reagieren. Das Paket f\u00e4llt sehr gro\u00df aus, gerade etwa f\u00fcr Pendler, die auf das Auto angewiesen sind. Aber auch die Entlastung f\u00fcr alle, die Steuern zahlen, ist ein sehr gro\u00dfer Erfolg. Es bedeutet mehr Entlastung als beispielsweise die Unionsopposition gefordert hat.<\/p>\n<p>Frage: Entlastung f\u00fcr den B\u00fcrger bedeute in der Regel Belastung f\u00fcr die Staatskassen. Fallen jetzt andere Projekte wie etwa die Kindergrundsicherung hinten runter?<\/p>\n<p>D\u00fcrr: Wir werden diese besondere Situation des Krieges \u00fcber einen Erg\u00e4nzungshaushalt finanzieren. Gleichzeitig sichern wir \u00fcber den Bundeshaushalt Zukunftsprojekte ab. Das ist kein \u201eW\u00fcnsch Dir was\u201c, da m\u00fcssen wir uns jetzt auf das Allerwichtigste konzentrieren. Beim Thema Kindergrundsicherung sind wir in sehr guten Gespr\u00e4chen und warten diese ab, bevor etwas \u00f6ffentlich wird.<\/p>\n<p>Frage: In der Ampel hatte es ganz sch\u00f6n geknirscht. Haben die langen Verhandlungen das Klima wieder verbessert?<\/p>\n<p>D\u00fcrr: Wir sprechen viel miteinander und das Reden bringt etwas, wie man am Morgen gesehen hat. Trotz der schwierigen Situation f\u00fcr eine neue Bundesregierung mit Krieg in Europa und Pandemie arbeiten wir konzentriert und bringen nun schon das zweite Entlastungspaket auf den Weg. Das zeigt, dass wir gemeinsam Lust haben, Probleme anzugehen.<\/p>\n<p>Frage: Was muss man\u00a0 beim Thema Energieneutralit\u00e4t mit Blick auf den Verkehr Ihrer Meinung nach noch beachten? Steht das Ende des Verbrennungsmotors bevor?<\/p>\n<p>D\u00fcrr: Nein. Wir m\u00fcssen gerade in schwierigen Zeiten technologieoffen bleiben. Es gibt die gro\u00dfe Chance, Verbrenner C02-neutral zu machen. Deutschland wird auch in Zukunft auf Energieimporte angewiesen sein, das werden k\u00fcnftig auch CO2-neutrale Kraftstoffe sein, die insbesondere in Verbrennungsmotoren genutzt werden k\u00f6nnen. Von den etwa 48 Millionen Pkw in Deutschland sind \u00fcber 47 Millionen noch Verbrennungsmotoren. Synthetische Kraftstoffe sind ein wichtiger Pfeiler hin zur Klimaneutralit\u00e4t. Denn: Das Auto ist in Deutschland nach wie vor ein wichtiger Teil der Wertsch\u00f6pfungskette. Das d\u00fcrfen wir nicht aufgeben.<\/p>\n<p>Frage: Bleibt es bei dem Ziel, dass ab 2035 nur noch Autos zugelassen werden, die mit E-Fuels betankbar sind?<\/p>\n<p>D\u00fcrr: Ja. Damit haben wir die Chance, CO2-neutrale Verbrenner zu haben \u2013 das ist neben der E-Mobilit\u00e4t die zweite S\u00e4ule.<\/p>\n<p>Frage: Ist die FDP die Partei der Autofahrer geworden?<\/p>\n<p>D\u00fcrr: Das Auto ist in Deutschland ein beliebtes Fortbewegungsmittel, das Individualit\u00e4t erm\u00f6glicht. Die Vorteile des Autos m\u00fcssen mit der Klimaneutralit\u00e4t in Einklang gebracht werden. Autos zu verbieten ist keine L\u00f6sung.<\/p>\n<p>&nbsp;<\/p>\n","protected":false},"excerpt":{"rendered":"<p>Der FDP-Fraktionsvorsitzende Christian D\u00fcrr gab der \u201eRheinischen Post\u201c (Freitagsausgabe) das folgende Interview. Die Fragen stellte Kerstin M\u00fcnstermann: Frage: Was ist denn die FDP-Handschrift bei dem Entlastungpaket? D\u00fcrr: Uns war wichtig, [&#8230;]<\/p>\n","protected":false},"author":1,"featured_media":0,"comment_status":"open","ping_status":"closed","sticky":false,"template":"","format":"standard","meta":{"footnotes":""},"categories":[1979,55,173],"tags":[90,1151,2688,2152,1007,2042,2151],"class_list":["post-4966","post","type-post","status-publish","format-standard","hentry","category-energie","category-finanzen","category-podcast","tag-christian-duerr","tag-co2","tag-fdp-bundestag","tag-kindergrundsicherung","tag-klimaneutralitaet","tag-krieg","tag-subventionen"],"_links":{"self":[{"href":"https:\/\/fdp-aktiv.de\/blog\/wp-json\/wp\/v2\/posts\/4966","targetHints":{"allow":["GET"]}}],"collection":[{"href":"https:\/\/fdp-aktiv.de\/blog\/wp-json\/wp\/v2\/posts"}],"about":[{"href":"https:\/\/fdp-aktiv.de\/blog\/wp-json\/wp\/v2\/types\/post"}],"author":[{"embeddable":true,"href":"https:\/\/fdp-aktiv.de\/blog\/wp-json\/wp\/v2\/users\/1"}],"replies":[{"embeddable":true,"href":"https:\/\/fdp-aktiv.de\/blog\/wp-json\/wp\/v2\/comments?post=4966"}],"version-history":[{"count":1,"href":"https:\/\/fdp-aktiv.de\/blog\/wp-json\/wp\/v2\/posts\/4966\/revisions"}],"predecessor-version":[{"id":4967,"href":"https:\/\/fdp-aktiv.de\/blog\/wp-json\/wp\/v2\/posts\/4966\/revisions\/4967"}],"wp:attachment":[{"href":"https:\/\/fdp-aktiv.de\/blog\/wp-json\/wp\/v2\/media?parent=4966"}],"wp:term":[{"taxonomy":"category","embeddable":true,"href":"https:\/\/fdp-aktiv.de\/blog\/wp-json\/wp\/v2\/categories?post=4966"},{"taxonomy":"post_tag","embeddable":true,"href":"https:\/\/fdp-aktiv.de\/blog\/wp-json\/wp\/v2\/tags?post=4966"}],"curies":[{"name":"wp","href":"https:\/\/api.w.org\/{rel}","templated":true}]}}