{"id":4971,"date":"2022-03-27T09:56:30","date_gmt":"2022-03-27T07:56:30","guid":{"rendered":"https:\/\/fdp-aktiv.de\/blog\/?p=4971"},"modified":"2022-03-27T09:56:30","modified_gmt":"2022-03-27T07:56:30","slug":"kruse-gasspeichergesetz-verbessert-die-versorgungssicherheit","status":"publish","type":"post","link":"https:\/\/fdp-aktiv.de\/blog\/2022\/03\/27\/kruse-gasspeichergesetz-verbessert-die-versorgungssicherheit\/","title":{"rendered":"KRUSE: Gasspeichergesetz verbessert die Versorgungssicherheit"},"content":{"rendered":"<div class=\"clearfix text-formatted field field--name-body field--type-text-with-summary field--label-hidden field__item\">\n<p>Zum Gasspeichergesetz erkl\u00e4rt der energiepolitische Sprecher der FDP-Fraktion Michael Kruse:<\/p>\n<figure id=\"attachment_3130\" aria-describedby=\"caption-attachment-3130\" style=\"width: 800px\" class=\"wp-caption aligncenter\"><a href=\"https:\/\/fdp-aktiv.de\/blog\/wp-content\/uploads\/2021\/11\/Kruse.jpg\"><img loading=\"lazy\" decoding=\"async\" class=\"size-large wp-image-3130\" src=\"https:\/\/fdp-aktiv.de\/blog\/wp-content\/uploads\/2021\/11\/Kruse-1024x683.jpg\" alt=\"\" width=\"800\" height=\"534\" srcset=\"https:\/\/fdp-aktiv.de\/blog\/wp-content\/uploads\/2021\/11\/Kruse-1024x683.jpg 1024w, https:\/\/fdp-aktiv.de\/blog\/wp-content\/uploads\/2021\/11\/Kruse-300x200.jpg 300w, https:\/\/fdp-aktiv.de\/blog\/wp-content\/uploads\/2021\/11\/Kruse-768x512.jpg 768w, https:\/\/fdp-aktiv.de\/blog\/wp-content\/uploads\/2021\/11\/Kruse.jpg 1280w\" sizes=\"auto, (max-width: 800px) 100vw, 800px\" \/><\/a><figcaption id=\"caption-attachment-3130\" class=\"wp-caption-text\">FPD Michael Kruse, Hamburg, 08.07.2021<\/p>\n<p><\/figcaption><\/figure>\n<p>\u201eDurch den Ukraine-Krieg sind die Schwachstellen der Energieversorgung in Deutschland offenbar geworden. Diese wollen wir beheben. Ein zentraler Baustein sind verbindliche F\u00fcllvorgaben f\u00fcr Gasspeicher. Die Ampel-Fraktionen haben sich dazu nach intensiven Verhandlungen auf ein marktwirtschaftliches Modell zur Speicherbef\u00fcllung geeinigt. Werden die vorgegebenen F\u00fcllst\u00e4nde nicht erreicht, so soll \u00fcber Ausschreibungen eine Bef\u00fcllung gesichert werden. Damit k\u00f6nnen Speicher nicht mehr zur politischen Marktmanipulation genutzt werden wie es im letzten Jahr noch geschehen ist. Die Menschen in Deutschland k\u00f6nnen sich darauf verlassen, dass die Gasspeicher zu Beginn der Heizperiode im Herbst bef\u00fcllt sind und bestm\u00f6glich genutzt werden. Das stabilisiert die Preise auf dem Gasmarkt und verbessert die Versorgungssicherheit nachhaltig.\u201c<\/p>\n<\/div>\n","protected":false},"excerpt":{"rendered":"<p>Zum Gasspeichergesetz erkl\u00e4rt der energiepolitische Sprecher der FDP-Fraktion Michael Kruse: \u201eDurch den Ukraine-Krieg sind die Schwachstellen der Energieversorgung in Deutschland offenbar geworden. Diese wollen wir beheben. Ein zentraler Baustein sind [&#8230;]<\/p>\n","protected":false},"author":1,"featured_media":0,"comment_status":"open","ping_status":"closed","sticky":false,"template":"","format":"standard","meta":{"footnotes":""},"categories":[1979],"tags":[13,2156,1390,2157],"class_list":["post-4971","post","type-post","status-publish","format-standard","hentry","category-energie","tag-fdp","tag-gasspeicher","tag-michael-kruse","tag-versorgungssicherheit"],"_links":{"self":[{"href":"https:\/\/fdp-aktiv.de\/blog\/wp-json\/wp\/v2\/posts\/4971","targetHints":{"allow":["GET"]}}],"collection":[{"href":"https:\/\/fdp-aktiv.de\/blog\/wp-json\/wp\/v2\/posts"}],"about":[{"href":"https:\/\/fdp-aktiv.de\/blog\/wp-json\/wp\/v2\/types\/post"}],"author":[{"embeddable":true,"href":"https:\/\/fdp-aktiv.de\/blog\/wp-json\/wp\/v2\/users\/1"}],"replies":[{"embeddable":true,"href":"https:\/\/fdp-aktiv.de\/blog\/wp-json\/wp\/v2\/comments?post=4971"}],"version-history":[{"count":1,"href":"https:\/\/fdp-aktiv.de\/blog\/wp-json\/wp\/v2\/posts\/4971\/revisions"}],"predecessor-version":[{"id":4972,"href":"https:\/\/fdp-aktiv.de\/blog\/wp-json\/wp\/v2\/posts\/4971\/revisions\/4972"}],"wp:attachment":[{"href":"https:\/\/fdp-aktiv.de\/blog\/wp-json\/wp\/v2\/media?parent=4971"}],"wp:term":[{"taxonomy":"category","embeddable":true,"href":"https:\/\/fdp-aktiv.de\/blog\/wp-json\/wp\/v2\/categories?post=4971"},{"taxonomy":"post_tag","embeddable":true,"href":"https:\/\/fdp-aktiv.de\/blog\/wp-json\/wp\/v2\/tags?post=4971"}],"curies":[{"name":"wp","href":"https:\/\/api.w.org\/{rel}","templated":true}]}}