{"id":4986,"date":"2022-03-29T14:57:29","date_gmt":"2022-03-29T12:57:29","guid":{"rendered":"https:\/\/fdp-aktiv.de\/blog\/?p=4986"},"modified":"2022-03-29T14:57:29","modified_gmt":"2022-03-29T12:57:29","slug":"in-der-beek-potential-organischer-co2-speicher-muss-optimal-genutzt-zu-werden","status":"publish","type":"post","link":"https:\/\/fdp-aktiv.de\/blog\/2022\/03\/29\/in-der-beek-potential-organischer-co2-speicher-muss-optimal-genutzt-zu-werden\/","title":{"rendered":"IN DER BEEK: Potential organischer CO2-Speicher muss optimal genutzt zu werden"},"content":{"rendered":"<div class=\"clearfix text-formatted field field--name-body field--type-text-with-summary field--label-hidden field__item\">\n<p>Zur Vorstellung des Aktionsprogramms \u201eNat\u00fcrlicher Klimaschutz\u201c erkl\u00e4rt der klimapolitische Sprecher der FDP-Fraktion Olaf in der Beek:<\/p>\n<figure id=\"attachment_4987\" aria-describedby=\"caption-attachment-4987\" style=\"width: 800px\" class=\"wp-caption aligncenter\"><a href=\"https:\/\/fdp-aktiv.de\/blog\/wp-content\/uploads\/2022\/03\/Beek.jpg\"><img loading=\"lazy\" decoding=\"async\" class=\"size-large wp-image-4987\" src=\"https:\/\/fdp-aktiv.de\/blog\/wp-content\/uploads\/2022\/03\/Beek-1024x731.jpg\" alt=\"Olaf in der Beek\" width=\"800\" height=\"571\" srcset=\"https:\/\/fdp-aktiv.de\/blog\/wp-content\/uploads\/2022\/03\/Beek-1024x731.jpg 1024w, https:\/\/fdp-aktiv.de\/blog\/wp-content\/uploads\/2022\/03\/Beek-300x214.jpg 300w, https:\/\/fdp-aktiv.de\/blog\/wp-content\/uploads\/2022\/03\/Beek-768x548.jpg 768w, https:\/\/fdp-aktiv.de\/blog\/wp-content\/uploads\/2022\/03\/Beek.jpg 1200w\" sizes=\"auto, (max-width: 800px) 100vw, 800px\" \/><\/a><figcaption id=\"caption-attachment-4987\" class=\"wp-caption-text\">Olaf in der Beek<\/figcaption><\/figure>\n<p>\u201eElf zu warme Jahre in Folge und zunehmende Wetterextreme \u2013 die Klimabilanz des Deutschen Wetterdienstes f\u00fchrt uns erneut vor Augen, dass wir beim Klimaschutz schnell und effektiv vorangehen m\u00fcssen. Mit dem von Bundesumweltministerin Steffi Lemke vorgestellten Aktionsprogramm \u201eNat\u00fcrlicher Klimaschutz\u201c geht die Fortschrittskoalition in die richtige Richtung. W\u00e4lder, Meere, Moore und B\u00f6den sind wichtige nat\u00fcrliche CO2-Senken. F\u00fcr uns Freie Demokraten ist besonders wichtig, das Potential der organischen CO2-Speicherung optimal zu nutzen. Kombiniert mit notwendigen Ma\u00dfnahmen zur Verringerung der Treibhausgasemissionen und technischen Optionen der CO2-Entnahme, k\u00f6nnen wir die Pariser Klimaziele erreichen.<\/p>\n<p>Um das 1,5-Grad-Ziel einzuhalten, gibt es laut der internationalen Agentur f\u00fcr Erneuerbare Energien (Irena) einen Investitionsbedarf von j\u00e4hrlich 5,7 Billionen US-Dollar. Neben der \u00f6kologischen Effektivit\u00e4t wollen wir daher auch die Effizienz der deutschen Klimapolitik nicht aus den Augen verlieren. Aus jedem Euro f\u00fcr den Klimaschutz m\u00fcssen wir das Maximale herausholen. Das hilft den Menschen von heute genauso wie kommenden Generationen.\u201c<\/p>\n<\/div>\n","protected":false},"excerpt":{"rendered":"<p>Zur Vorstellung des Aktionsprogramms \u201eNat\u00fcrlicher Klimaschutz\u201c erkl\u00e4rt der klimapolitische Sprecher der FDP-Fraktion Olaf in der Beek: \u201eElf zu warme Jahre in Folge und zunehmende Wetterextreme \u2013 die Klimabilanz des Deutschen [&#8230;]<\/p>\n","protected":false},"author":1,"featured_media":0,"comment_status":"open","ping_status":"closed","sticky":false,"template":"","format":"standard","meta":{"footnotes":""},"categories":[1979,249],"tags":[1151,749,2163],"class_list":["post-4986","post","type-post","status-publish","format-standard","hentry","category-energie","category-umwelt","tag-co2","tag-klimaschutz","tag-olaf-in-der-beek"],"_links":{"self":[{"href":"https:\/\/fdp-aktiv.de\/blog\/wp-json\/wp\/v2\/posts\/4986","targetHints":{"allow":["GET"]}}],"collection":[{"href":"https:\/\/fdp-aktiv.de\/blog\/wp-json\/wp\/v2\/posts"}],"about":[{"href":"https:\/\/fdp-aktiv.de\/blog\/wp-json\/wp\/v2\/types\/post"}],"author":[{"embeddable":true,"href":"https:\/\/fdp-aktiv.de\/blog\/wp-json\/wp\/v2\/users\/1"}],"replies":[{"embeddable":true,"href":"https:\/\/fdp-aktiv.de\/blog\/wp-json\/wp\/v2\/comments?post=4986"}],"version-history":[{"count":1,"href":"https:\/\/fdp-aktiv.de\/blog\/wp-json\/wp\/v2\/posts\/4986\/revisions"}],"predecessor-version":[{"id":4988,"href":"https:\/\/fdp-aktiv.de\/blog\/wp-json\/wp\/v2\/posts\/4986\/revisions\/4988"}],"wp:attachment":[{"href":"https:\/\/fdp-aktiv.de\/blog\/wp-json\/wp\/v2\/media?parent=4986"}],"wp:term":[{"taxonomy":"category","embeddable":true,"href":"https:\/\/fdp-aktiv.de\/blog\/wp-json\/wp\/v2\/categories?post=4986"},{"taxonomy":"post_tag","embeddable":true,"href":"https:\/\/fdp-aktiv.de\/blog\/wp-json\/wp\/v2\/tags?post=4986"}],"curies":[{"name":"wp","href":"https:\/\/api.w.org\/{rel}","templated":true}]}}