{"id":5128,"date":"2022-04-12T07:41:16","date_gmt":"2022-04-12T05:41:16","guid":{"rendered":"https:\/\/fdp-aktiv.de\/blog\/?p=5128"},"modified":"2022-04-12T07:42:19","modified_gmt":"2022-04-12T05:42:19","slug":"domke-zur-hotspot-regel-rot-rot-hatte-wohl-nie-lockerungen-vor-ostern-im-sinn","status":"publish","type":"post","link":"https:\/\/fdp-aktiv.de\/blog\/2022\/04\/12\/domke-zur-hotspot-regel-rot-rot-hatte-wohl-nie-lockerungen-vor-ostern-im-sinn\/","title":{"rendered":"DOMKE zur Hotspot-Regel: Rot-Rot hatte wohl nie Lockerungen vor Ostern im Sinn"},"content":{"rendered":"<p style=\"text-align: justify;\"><em>In der Befragung der Landesregierung am 07. April im Landtag antwortete Sozialministerin Stefanie Drese auf die Frage, ob man plane, einzelne Landkreise oder kreisfreie St\u00e4dte vor Ostern aus der Hotspot-Regel zu entlassen, dass der Landtag dies zu entscheiden habe. Dazu \u00e4u\u00dfert sich der FDP-Fraktionsvorsitzende im Landtag, Ren\u00e9 Domke:<\/em><\/p>\n<figure id=\"attachment_809\" aria-describedby=\"caption-attachment-809\" style=\"width: 800px\" class=\"wp-caption aligncenter\"><a href=\"https:\/\/fdp-aktiv.de\/blog\/wp-content\/uploads\/2021\/03\/2880px-Rene_Domke-scaled.jpg\"><img loading=\"lazy\" decoding=\"async\" class=\"size-large wp-image-809\" src=\"https:\/\/fdp-aktiv.de\/blog\/wp-content\/uploads\/2021\/03\/2880px-Rene_Domke-1024x679.jpg\" alt=\"Rene Domke\" width=\"800\" height=\"530\" srcset=\"https:\/\/fdp-aktiv.de\/blog\/wp-content\/uploads\/2021\/03\/2880px-Rene_Domke-1024x679.jpg 1024w, https:\/\/fdp-aktiv.de\/blog\/wp-content\/uploads\/2021\/03\/2880px-Rene_Domke-300x199.jpg 300w, https:\/\/fdp-aktiv.de\/blog\/wp-content\/uploads\/2021\/03\/2880px-Rene_Domke-768x509.jpg 768w, https:\/\/fdp-aktiv.de\/blog\/wp-content\/uploads\/2021\/03\/2880px-Rene_Domke-1536x1019.jpg 1536w, https:\/\/fdp-aktiv.de\/blog\/wp-content\/uploads\/2021\/03\/2880px-Rene_Domke-2048x1358.jpg 2048w\" sizes=\"auto, (max-width: 800px) 100vw, 800px\" \/><\/a><figcaption id=\"caption-attachment-809\" class=\"wp-caption-text\">Rene Domke<\/figcaption><\/figure>\n<p style=\"text-align: justify;\"><em><br \/>\n<\/em><br \/>\n\u201eIch bin \u00fcberrascht, dass der Ball nun doch wieder an den Landtag zur\u00fcckgespielt wurde. Vor allem weil eine Sondersitzung des Landtages f\u00fcr eine wirksame Regelung zu Ostern zu sp\u00e4t k\u00e4me. An die Ank\u00fcndigung des Chefs der Staatskanzlei, Patrick Dahlemann, vor Ostern eine Sonderregelung zu treffen, scheint sich in der Landesregierung niemand mehr zu erinnern. Dabei hat er k\u00fcrzlich noch eine Erwartungshaltung hinsichtlich Lockerungen geweckt, die offenbar nie bedient werden sollte.<\/p>\n<p>Die Leidtragenden vor den Feiertagen sind wieder einmal die Gastronomen und die Tourismusbranche. Die Landesregierung sollte vor dem Hintergrund der positiven pandemischen Entwicklung in einigen Landkreisen die Situation neu bewerten und auch die mit der Hotspot-Deklarierung einhergehenden Einzelma\u00dfnahmen einer gr\u00fcndlichen Pr\u00fcfung unterziehen. Daf\u00fcr braucht sie den Landtag nicht. Als FDP befinden wir uns im Nachgang zur Regierungsbefragung erneut im Pr\u00fcfungsverfahren, inwiefern bedacht gegen die fl\u00e4chendeckende Hotspot-Regelung gerichtlich vorgegangen werden k\u00f6nnte.\u201c<\/p>\n","protected":false},"excerpt":{"rendered":"<p>In der Befragung der Landesregierung am 07. April im Landtag antwortete Sozialministerin Stefanie Drese auf die Frage, ob man plane, einzelne Landkreise oder kreisfreie St\u00e4dte vor Ostern aus der Hotspot-Regel [&#8230;]<\/p>\n","protected":false},"author":1,"featured_media":0,"comment_status":"open","ping_status":"closed","sticky":false,"template":"","format":"standard","meta":{"footnotes":""},"categories":[4,8],"tags":[16,734,1888,2127,217,399],"class_list":["post-5128","post","type-post","status-publish","format-standard","hentry","category-covid-19","category-wirtschaft","tag-corona","tag-erwartungen","tag-fdp-mv","tag-hotspot","tag-lockerungen","tag-rene-domke"],"_links":{"self":[{"href":"https:\/\/fdp-aktiv.de\/blog\/wp-json\/wp\/v2\/posts\/5128","targetHints":{"allow":["GET"]}}],"collection":[{"href":"https:\/\/fdp-aktiv.de\/blog\/wp-json\/wp\/v2\/posts"}],"about":[{"href":"https:\/\/fdp-aktiv.de\/blog\/wp-json\/wp\/v2\/types\/post"}],"author":[{"embeddable":true,"href":"https:\/\/fdp-aktiv.de\/blog\/wp-json\/wp\/v2\/users\/1"}],"replies":[{"embeddable":true,"href":"https:\/\/fdp-aktiv.de\/blog\/wp-json\/wp\/v2\/comments?post=5128"}],"version-history":[{"count":2,"href":"https:\/\/fdp-aktiv.de\/blog\/wp-json\/wp\/v2\/posts\/5128\/revisions"}],"predecessor-version":[{"id":5132,"href":"https:\/\/fdp-aktiv.de\/blog\/wp-json\/wp\/v2\/posts\/5128\/revisions\/5132"}],"wp:attachment":[{"href":"https:\/\/fdp-aktiv.de\/blog\/wp-json\/wp\/v2\/media?parent=5128"}],"wp:term":[{"taxonomy":"category","embeddable":true,"href":"https:\/\/fdp-aktiv.de\/blog\/wp-json\/wp\/v2\/categories?post=5128"},{"taxonomy":"post_tag","embeddable":true,"href":"https:\/\/fdp-aktiv.de\/blog\/wp-json\/wp\/v2\/tags?post=5128"}],"curies":[{"name":"wp","href":"https:\/\/api.w.org\/{rel}","templated":true}]}}