{"id":5266,"date":"2022-04-26T15:22:48","date_gmt":"2022-04-26T13:22:48","guid":{"rendered":"https:\/\/fdp-aktiv.de\/blog\/?p=5266"},"modified":"2022-04-26T15:23:07","modified_gmt":"2022-04-26T13:23:07","slug":"kuhle-buergerrechte-muessen-schwerpunkt-der-ampel-koalition-sein","status":"publish","type":"post","link":"https:\/\/fdp-aktiv.de\/blog\/2022\/04\/26\/kuhle-buergerrechte-muessen-schwerpunkt-der-ampel-koalition-sein\/","title":{"rendered":"KUHLE: B\u00fcrgerrechte m\u00fcssen Schwerpunkt der Ampel-Koalition sein"},"content":{"rendered":"<div class=\"clearfix text-formatted field field--name-body field--type-text-with-summary field--label-hidden field__item\">\n<p>Zum Urteil des Bundesverfassungsgerichts \u00fcber das bayerische Verfassungsschutzgesetz erkl\u00e4rt der stellvertretende Vorsitzende der FDP-Fraktion Konstantin Kuhle:<\/p>\n<figure id=\"attachment_341\" aria-describedby=\"caption-attachment-341\" style=\"width: 957px\" class=\"wp-caption aligncenter\"><a href=\"https:\/\/fdp-aktiv.de\/blog\/wp-content\/uploads\/2021\/01\/image-1.png\"><img loading=\"lazy\" decoding=\"async\" class=\"size-full wp-image-341\" src=\"https:\/\/fdp-aktiv.de\/blog\/wp-content\/uploads\/2021\/01\/image-1.png\" alt=\"\" width=\"957\" height=\"537\" srcset=\"https:\/\/fdp-aktiv.de\/blog\/wp-content\/uploads\/2021\/01\/image-1.png 957w, https:\/\/fdp-aktiv.de\/blog\/wp-content\/uploads\/2021\/01\/image-1-300x168.png 300w, https:\/\/fdp-aktiv.de\/blog\/wp-content\/uploads\/2021\/01\/image-1-768x431.png 768w\" sizes=\"auto, (max-width: 957px) 100vw, 957px\" \/><\/a><figcaption id=\"caption-attachment-341\" class=\"wp-caption-text\">Konstantin Kuhle<\/figcaption><\/figure>\n<p>\u201eDas heutige Urteil des Bundesverfassungsgerichts erkl\u00e4rt zahlreiche Befugnisse des bayerischen Verfassungsschutzes f\u00fcr verfassungswidrig, etwa die Vorschriften zur Wohnraum\u00fcberwachung, zur Handy-Ortung und zur so genannten Online-Durchsuchung. Die Karlsruher Richter haben dem \u00fcbersteigerten Kontroll- und \u00dcberwachungswahn der CSU einen klaren Riegel vorgeschoben und wichtige Grunds\u00e4tze zur Trennung der Aufgaben von Polizei und Nachrichtendiensten aufgestellt. Diese m\u00fcssen nun auch von anderen L\u00e4ndern und durch den Bund beachtet werden, wenn die Vorgaben f\u00fcr die Inlandsnachrichtendienste \u00fcberarbeitet werden. Unsere Sicherheitsbeh\u00f6rden brauchen Regeln, auf die sie sich verlassen k\u00f6nnen. Scheitert der Gesetzgeber regelm\u00e4\u00dfig in Karlsruhe, ist der Sicherheit im Land nicht geholfen. Die B\u00fcrgerrechte sind bei der Union nicht in guten H\u00e4nden. Deswegen wird der Schutz der B\u00fcrgerrechte ein Schwerpunkt der Arbeit der Ampel-Koalition im Bund sein. Die Sicherheitsgesetze der vergangenen Jahre sollten nun einer kritischen Pr\u00fcfung unterzogen werden, inwiefern sie den Anforderungen des heutigen Urteils gen\u00fcgen.\u201c<\/p>\n<\/div>\n","protected":false},"excerpt":{"rendered":"<p>Zum Urteil des Bundesverfassungsgerichts \u00fcber das bayerische Verfassungsschutzgesetz erkl\u00e4rt der stellvertretende Vorsitzende der FDP-Fraktion Konstantin Kuhle: \u201eDas heutige Urteil des Bundesverfassungsgerichts erkl\u00e4rt zahlreiche Befugnisse des bayerischen Verfassungsschutzes f\u00fcr verfassungswidrig, etwa [&#8230;]<\/p>\n","protected":false},"author":1,"featured_media":0,"comment_status":"open","ping_status":"closed","sticky":false,"template":"","format":"standard","meta":{"footnotes":""},"categories":[6,536],"tags":[234,1890,1329,121,1036,2249],"class_list":["post-5266","post","type-post","status-publish","format-standard","hentry","category-politik","category-sicherheit","tag-bundesverfassungsgericht","tag-csu","tag-karlsruhe","tag-konstantin-kuhle","tag-verfassungsschutz","tag-verfassungsschutzgesetz"],"_links":{"self":[{"href":"https:\/\/fdp-aktiv.de\/blog\/wp-json\/wp\/v2\/posts\/5266","targetHints":{"allow":["GET"]}}],"collection":[{"href":"https:\/\/fdp-aktiv.de\/blog\/wp-json\/wp\/v2\/posts"}],"about":[{"href":"https:\/\/fdp-aktiv.de\/blog\/wp-json\/wp\/v2\/types\/post"}],"author":[{"embeddable":true,"href":"https:\/\/fdp-aktiv.de\/blog\/wp-json\/wp\/v2\/users\/1"}],"replies":[{"embeddable":true,"href":"https:\/\/fdp-aktiv.de\/blog\/wp-json\/wp\/v2\/comments?post=5266"}],"version-history":[{"count":2,"href":"https:\/\/fdp-aktiv.de\/blog\/wp-json\/wp\/v2\/posts\/5266\/revisions"}],"predecessor-version":[{"id":5268,"href":"https:\/\/fdp-aktiv.de\/blog\/wp-json\/wp\/v2\/posts\/5266\/revisions\/5268"}],"wp:attachment":[{"href":"https:\/\/fdp-aktiv.de\/blog\/wp-json\/wp\/v2\/media?parent=5266"}],"wp:term":[{"taxonomy":"category","embeddable":true,"href":"https:\/\/fdp-aktiv.de\/blog\/wp-json\/wp\/v2\/categories?post=5266"},{"taxonomy":"post_tag","embeddable":true,"href":"https:\/\/fdp-aktiv.de\/blog\/wp-json\/wp\/v2\/tags?post=5266"}],"curies":[{"name":"wp","href":"https:\/\/api.w.org\/{rel}","templated":true}]}}