{"id":5278,"date":"2022-04-27T17:57:04","date_gmt":"2022-04-27T15:57:04","guid":{"rendered":"https:\/\/fdp-aktiv.de\/blog\/?p=5278"},"modified":"2022-04-27T17:57:49","modified_gmt":"2022-04-27T15:57:49","slug":"mecklenburg-vorpommern-enseleit-karrieren-haben-kein-geschlecht","status":"publish","type":"post","link":"https:\/\/fdp-aktiv.de\/blog\/2022\/04\/27\/mecklenburg-vorpommern-enseleit-karrieren-haben-kein-geschlecht\/","title":{"rendered":"Mecklenburg-Vorpommern: Enseleit &#8211; Karrieren haben kein Geschlecht"},"content":{"rendered":"<p><span style=\"font-size: 10pt;\"><strong>FDP-Landtagsfraktion fordert noch st\u00e4rkere Nutzung des Girls\u2019 und Boys\u2019 Days<\/strong><\/span><\/p>\n<figure id=\"attachment_5279\" aria-describedby=\"caption-attachment-5279\" style=\"width: 474px\" class=\"wp-caption aligncenter\"><a href=\"https:\/\/fdp-aktiv.de\/blog\/wp-content\/uploads\/2022\/04\/csm_1Enseleit_Sabine_c32171c0f5.jpg\"><img loading=\"lazy\" decoding=\"async\" class=\"size-full wp-image-5279\" src=\"https:\/\/fdp-aktiv.de\/blog\/wp-content\/uploads\/2022\/04\/csm_1Enseleit_Sabine_c32171c0f5.jpg\" alt=\"\" width=\"474\" height=\"600\" srcset=\"https:\/\/fdp-aktiv.de\/blog\/wp-content\/uploads\/2022\/04\/csm_1Enseleit_Sabine_c32171c0f5.jpg 474w, https:\/\/fdp-aktiv.de\/blog\/wp-content\/uploads\/2022\/04\/csm_1Enseleit_Sabine_c32171c0f5-237x300.jpg 237w\" sizes=\"auto, (max-width: 474px) 100vw, 474px\" \/><\/a><figcaption id=\"caption-attachment-5279\" class=\"wp-caption-text\">Sabine Enseleit, FDP<\/figcaption><\/figure>\n<p>Die bildungspolitische Sprecherin und Mitglied der Enquete-Kommission \u201eJung sein in Mecklenburg-Vorpommern\u201c der FDP im Landtag Mecklenburg-Vorpommern, Sabine Enseleit, unterst\u00fctzt den Girls\u2018 und Boys\u2018 Day ausdr\u00fccklich und fordert, dass sich k\u00fcnftig noch mehr Unternehmen, Forschungseinrichtungen, \u00f6ffentliche Institutionen oder Verb\u00e4nde beteiligen, um den M\u00e4dchen und Jungen einen Einblick in ihre Berufsfelder anzubieten.<\/p>\n<p>\u201eJunge Menschen sollten sich frei von Geschlechter- und Rollenklischees f\u00fcr einen Beruf entscheiden. Darum unterst\u00fctze ich die Idee des Aktionstages, Jungen und M\u00e4dchen einen Einblick in einen vermeintlich typischen Beruf des jeweils anderen Geschlechts zu erm\u00f6glichen ausdr\u00fccklich. Berufe sind vielf\u00e4ltig und so auch die Menschen, die sie aus\u00fcben. Es sollte heutzutage selbstverst\u00e4ndlich sein, den Beruf w\u00e4hlen zu k\u00f6nnen, der dem oder der Einzelnen am meisten liegt. Zwar ist ein Wandel in den geschlechtsspezifischen Vorlieben f\u00fcr bestimmte Berufe erfreulicherweise bereits seit einiger Zeit sichtbar. Wie das Statistische Bundesamt (26. April 2022\u00b9) mitteilte, steigt der Frauenanteil in m\u00e4nnerdominierten Ausbildungen und umgekehrt langsam, kontinuierlich an. Dennoch brauchen wir solche Aktionstage, um die Entwicklung weiter voranzutreiben. Es w\u00e4re sch\u00f6n, wenn sich im n\u00e4chsten Jahr noch mehr Einrichtungen beteiligen w\u00fcrden, um ein m\u00f6glichst umfangreiches Angebot anzubieten\u201c.<\/p>\n<p>\u00b9<a href=\"https:\/\/www.destatis.de\/DE\/Presse\/Pressemitteilungen\/Zahl-der-Woche\/2022\/PD22_17_p002.html\">https:\/\/www.destatis.de\/DE\/Presse\/Pressemitteilungen\/Zahl-der-Woche\/2022\/PD22_17_p002.html<\/a><\/p>\n","protected":false},"excerpt":{"rendered":"<p>FDP-Landtagsfraktion fordert noch st\u00e4rkere Nutzung des Girls\u2019 und Boys\u2019 Days Die bildungspolitische Sprecherin und Mitglied der Enquete-Kommission \u201eJung sein in Mecklenburg-Vorpommern\u201c der FDP im Landtag Mecklenburg-Vorpommern, Sabine Enseleit, unterst\u00fctzt den [&#8230;]<\/p>\n","protected":false},"author":1,"featured_media":0,"comment_status":"open","ping_status":"closed","sticky":false,"template":"","format":"standard","meta":{"footnotes":""},"categories":[34],"tags":[2254,1610,1888,784,2070],"class_list":["post-5278","post","type-post","status-publish","format-standard","hentry","category-bildung","tag-berufsfelder","tag-enquete-kommission","tag-fdp-mv","tag-jugend","tag-karriere"],"_links":{"self":[{"href":"https:\/\/fdp-aktiv.de\/blog\/wp-json\/wp\/v2\/posts\/5278","targetHints":{"allow":["GET"]}}],"collection":[{"href":"https:\/\/fdp-aktiv.de\/blog\/wp-json\/wp\/v2\/posts"}],"about":[{"href":"https:\/\/fdp-aktiv.de\/blog\/wp-json\/wp\/v2\/types\/post"}],"author":[{"embeddable":true,"href":"https:\/\/fdp-aktiv.de\/blog\/wp-json\/wp\/v2\/users\/1"}],"replies":[{"embeddable":true,"href":"https:\/\/fdp-aktiv.de\/blog\/wp-json\/wp\/v2\/comments?post=5278"}],"version-history":[{"count":2,"href":"https:\/\/fdp-aktiv.de\/blog\/wp-json\/wp\/v2\/posts\/5278\/revisions"}],"predecessor-version":[{"id":5281,"href":"https:\/\/fdp-aktiv.de\/blog\/wp-json\/wp\/v2\/posts\/5278\/revisions\/5281"}],"wp:attachment":[{"href":"https:\/\/fdp-aktiv.de\/blog\/wp-json\/wp\/v2\/media?parent=5278"}],"wp:term":[{"taxonomy":"category","embeddable":true,"href":"https:\/\/fdp-aktiv.de\/blog\/wp-json\/wp\/v2\/categories?post=5278"},{"taxonomy":"post_tag","embeddable":true,"href":"https:\/\/fdp-aktiv.de\/blog\/wp-json\/wp\/v2\/tags?post=5278"}],"curies":[{"name":"wp","href":"https:\/\/api.w.org\/{rel}","templated":true}]}}