{"id":5282,"date":"2022-04-27T18:00:45","date_gmt":"2022-04-27T16:00:45","guid":{"rendered":"https:\/\/fdp-aktiv.de\/blog\/?p=5282"},"modified":"2022-04-27T18:01:10","modified_gmt":"2022-04-27T16:01:10","slug":"mueller-urteil-zum-bayerischen-verfassungsschutzgesetz-hat-auswirkungen-auf-hessen","status":"publish","type":"post","link":"https:\/\/fdp-aktiv.de\/blog\/2022\/04\/27\/mueller-urteil-zum-bayerischen-verfassungsschutzgesetz-hat-auswirkungen-auf-hessen\/","title":{"rendered":"M\u00dcLLER: Urteil zum bayerischen Verfassungsschutzgesetz hat Auswirkungen auf Hessen"},"content":{"rendered":"<div class=\"clearfix text-formatted field field--name-body field--type-text-with-summary field--label-hidden field__item\">\n<ul>\n<li><strong>Freie Demokraten fordern Innenminister zum Handeln auf<\/strong><\/li>\n<li><strong>Hessisches Gesetz muss umgehend angepasst werden<\/strong><\/li>\n<li><strong>Wortgleiche Passagen in bayerischem und hessischem Gesetz<\/strong><\/li>\n<\/ul>\n<figure id=\"attachment_4717\" aria-describedby=\"caption-attachment-4717\" style=\"width: 550px\" class=\"wp-caption aligncenter\"><a href=\"https:\/\/fdp-aktiv.de\/blog\/wp-content\/uploads\/2022\/03\/Mueller_Stefan_opt.jpg\"><img loading=\"lazy\" decoding=\"async\" class=\"size-full wp-image-4717\" src=\"https:\/\/fdp-aktiv.de\/blog\/wp-content\/uploads\/2022\/03\/Mueller_Stefan_opt.jpg\" alt=\"Stefan M\u00fcller\" width=\"550\" height=\"358\" srcset=\"https:\/\/fdp-aktiv.de\/blog\/wp-content\/uploads\/2022\/03\/Mueller_Stefan_opt.jpg 550w, https:\/\/fdp-aktiv.de\/blog\/wp-content\/uploads\/2022\/03\/Mueller_Stefan_opt-300x195.jpg 300w\" sizes=\"auto, (max-width: 550px) 100vw, 550px\" \/><\/a><figcaption id=\"caption-attachment-4717\" class=\"wp-caption-text\">Stefan M\u00fcller<\/figcaption><\/figure>\n<p>Stefan M\u00dcLLER, innenpolitischer Sprecher der Fraktion der Freien Demokraten im Hessischen Landtag, hat Innenminister Peter Beuth aufgefordert, das hessische Verfassungsschutzgesetz umgehend zu \u00fcberpr\u00fcfen und anzupassen. \u201eDas Urteil des Bundesverfassungsgerichts, das das bayerische Verfassungsschutzgesetz am Dienstag in Teilen f\u00fcr verfassungswidrig erkl\u00e4rt hat, hat auch Auswirkungen auf Hessen. Das Karlsruher Urteil ist damit nicht nur eine Klatsche f\u00fcr die CSU, sondern auch f\u00fcr Innenminister Beuth und die Koalition von CDU und Gr\u00fcnen\u201c, erkl\u00e4rt M\u00fcller und verweist auf deckungsgleiche Passagen in den Verfassungsschutzgesetzen Bayerns und Hessens. \u201eEinige Formulierungen im hessischen Gesetz sind sogar wortgleich aus Bayern \u00fcbernommen worden. Das betrifft insbesondere Regelungen zu verdeckten Mitarbeitern und Vertrauensleuten sowie die Norm zur Ortung von Mobilfunkger\u00e4ten.\u201c<\/p>\n<p>Auch wenn sich das aktuelle Urteil des Bundesverfassungsgerichts allein auf Bayern beziehe, m\u00fcsse Beuth unverz\u00fcglich handeln. \u201eEs kann nicht sein, dass der offensichtliche verfassungswidrige Zustand in Hessen bestehen bleibt, bis das Urteil zur ebenfalls noch laufenden Verfassungsbeschwerde zum hessischen Gesetz vorliegt.\u00a0Er muss zeitnah ein verfassungskonformes Gesetz vorlegen, das Freiheit und Sicherheit wieder in Einklang bringt. Das Thema sollte m\u00f6glichst bereits im Zuge der Neuregelung der Sicherheitsgesetze, die gerade in 1. Lesung in den Landtag eingebracht wurden, behandelt werden\u201c, fordert M\u00fcller. \u201eDie Sicherheitsbeh\u00f6rden brauchen Regeln, auf die sie sich verlassen k\u00f6nnen. Und die B\u00fcrger m\u00fcssen sich ebenso darauf verlassen k\u00f6nnen, dass die Sicherheitsbeh\u00f6rden ihre Grundrechte nicht verfassungswidrig einschr\u00e4nken. Das Urteil aus Karlsruhe fordert damit auch das Land Hessen auf, seine Hausaufgaben zu machen.\u201c<\/p>\n<\/div>\n","protected":false},"excerpt":{"rendered":"<p>Freie Demokraten fordern Innenminister zum Handeln auf Hessisches Gesetz muss umgehend angepasst werden Wortgleiche Passagen in bayerischem und hessischem Gesetz Stefan M\u00dcLLER, innenpolitischer Sprecher der Fraktion der Freien Demokraten im [&#8230;]<\/p>\n","protected":false},"author":1,"featured_media":0,"comment_status":"open","ping_status":"closed","sticky":false,"template":"","format":"standard","meta":{"footnotes":""},"categories":[6,536],"tags":[29,234,635,919,2249],"class_list":["post-5282","post","type-post","status-publish","format-standard","hentry","category-politik","category-sicherheit","tag-bayern","tag-bundesverfassungsgericht","tag-fdp-hessen","tag-stefan-mueller","tag-verfassungsschutzgesetz"],"_links":{"self":[{"href":"https:\/\/fdp-aktiv.de\/blog\/wp-json\/wp\/v2\/posts\/5282","targetHints":{"allow":["GET"]}}],"collection":[{"href":"https:\/\/fdp-aktiv.de\/blog\/wp-json\/wp\/v2\/posts"}],"about":[{"href":"https:\/\/fdp-aktiv.de\/blog\/wp-json\/wp\/v2\/types\/post"}],"author":[{"embeddable":true,"href":"https:\/\/fdp-aktiv.de\/blog\/wp-json\/wp\/v2\/users\/1"}],"replies":[{"embeddable":true,"href":"https:\/\/fdp-aktiv.de\/blog\/wp-json\/wp\/v2\/comments?post=5282"}],"version-history":[{"count":2,"href":"https:\/\/fdp-aktiv.de\/blog\/wp-json\/wp\/v2\/posts\/5282\/revisions"}],"predecessor-version":[{"id":5284,"href":"https:\/\/fdp-aktiv.de\/blog\/wp-json\/wp\/v2\/posts\/5282\/revisions\/5284"}],"wp:attachment":[{"href":"https:\/\/fdp-aktiv.de\/blog\/wp-json\/wp\/v2\/media?parent=5282"}],"wp:term":[{"taxonomy":"category","embeddable":true,"href":"https:\/\/fdp-aktiv.de\/blog\/wp-json\/wp\/v2\/categories?post=5282"},{"taxonomy":"post_tag","embeddable":true,"href":"https:\/\/fdp-aktiv.de\/blog\/wp-json\/wp\/v2\/tags?post=5282"}],"curies":[{"name":"wp","href":"https:\/\/api.w.org\/{rel}","templated":true}]}}