{"id":5286,"date":"2022-04-27T18:04:30","date_gmt":"2022-04-27T16:04:30","guid":{"rendered":"https:\/\/fdp-aktiv.de\/blog\/?p=5286"},"modified":"2022-04-27T18:04:30","modified_gmt":"2022-04-27T16:04:30","slug":"auch-der-thueringer-verfassungsschutz-muss-die-verfassung-beachten","status":"publish","type":"post","link":"https:\/\/fdp-aktiv.de\/blog\/2022\/04\/27\/auch-der-thueringer-verfassungsschutz-muss-die-verfassung-beachten\/","title":{"rendered":"Auch der Th\u00fcringer Verfassungsschutz muss die Verfassung beachten"},"content":{"rendered":"<figure id=\"attachment_4231\" aria-describedby=\"caption-attachment-4231\" style=\"width: 790px\" class=\"wp-caption aligncenter\"><a href=\"https:\/\/fdp-aktiv.de\/blog\/wp-content\/uploads\/2022\/02\/717.jpg\"><img loading=\"lazy\" decoding=\"async\" class=\"size-full wp-image-4231\" src=\"https:\/\/fdp-aktiv.de\/blog\/wp-content\/uploads\/2022\/02\/717.jpg\" alt=\"\" width=\"790\" height=\"700\" srcset=\"https:\/\/fdp-aktiv.de\/blog\/wp-content\/uploads\/2022\/02\/717.jpg 790w, https:\/\/fdp-aktiv.de\/blog\/wp-content\/uploads\/2022\/02\/717-300x266.jpg 300w, https:\/\/fdp-aktiv.de\/blog\/wp-content\/uploads\/2022\/02\/717-768x681.jpg 768w\" sizes=\"auto, (max-width: 790px) 100vw, 790px\" \/><\/a><figcaption id=\"caption-attachment-4231\" class=\"wp-caption-text\">FDP-Fraktion, Dirk Bergner<\/figcaption><\/figure>\n<p>Zum Urteil des Bundesverfassungsgerichts zum bayerischen Verfassungsschutz erkl\u00e4rt Dirk Bergner, Innenexperte der Freien Demokraten im Th\u00fcringer Landtag: \u201eDas Bundesverfassungsgericht hat dem Verfassungsschutz ganz klar seine Grenzen aufgezeigt. Vor diesem Hintergrund ist es dringend geboten, auch das Th\u00fcringer Verfassungsschutzgesetz auf seine Verfassungskonformit\u00e4t zu \u00fcberpr\u00fcfen. Eine erste Vorpr\u00fcfung des 136 Seiten umfassenden Urteils l\u00e4sst Handlungsbedarf erkennen, etwa bei der Wohnraum\u00fcberwachung. Der Gesetzgeber muss die Ma\u00dfgaben zur jeweils erforderlichen Beobachtungsbed\u00fcrftigkeit hinreichend bestimmt und normenklar regeln.\u201c<\/p>\n<p>Auch Dirk Bergner h\u00f6rt ab und an das Argument, wer nichts zu verbergen habe, m\u00fcsse auch nichts bef\u00fcrchten. F\u00fcr ihn klingt in diesem Satz eine geh\u00f6rige Portion an Untertanengeist aus l\u00e4ngst vergangenen Zeiten mit. Er betont: \u201eGrundrechte sind keine Sonderrechte. Sie sind vielmehr unverhandelbare Rechte eines jeden B\u00fcrgers. Deshalb d\u00fcrfen gerade sie nicht Ma\u00dfnahmen jenes Organs zum Opfer fallen, dass die Verfassung sch\u00fctzen soll.\u201c<\/p>\n","protected":false},"excerpt":{"rendered":"<p>Zum Urteil des Bundesverfassungsgerichts zum bayerischen Verfassungsschutz erkl\u00e4rt Dirk Bergner, Innenexperte der Freien Demokraten im Th\u00fcringer Landtag: \u201eDas Bundesverfassungsgericht hat dem Verfassungsschutz ganz klar seine Grenzen aufgezeigt. Vor diesem Hintergrund [&#8230;]<\/p>\n","protected":false},"author":1,"featured_media":0,"comment_status":"open","ping_status":"closed","sticky":false,"template":"","format":"standard","meta":{"footnotes":""},"categories":[536],"tags":[446,669,1036],"class_list":["post-5286","post","type-post","status-publish","format-standard","hentry","category-sicherheit","tag-dirk-bergner","tag-fdp-thueringen","tag-verfassungsschutz"],"_links":{"self":[{"href":"https:\/\/fdp-aktiv.de\/blog\/wp-json\/wp\/v2\/posts\/5286","targetHints":{"allow":["GET"]}}],"collection":[{"href":"https:\/\/fdp-aktiv.de\/blog\/wp-json\/wp\/v2\/posts"}],"about":[{"href":"https:\/\/fdp-aktiv.de\/blog\/wp-json\/wp\/v2\/types\/post"}],"author":[{"embeddable":true,"href":"https:\/\/fdp-aktiv.de\/blog\/wp-json\/wp\/v2\/users\/1"}],"replies":[{"embeddable":true,"href":"https:\/\/fdp-aktiv.de\/blog\/wp-json\/wp\/v2\/comments?post=5286"}],"version-history":[{"count":1,"href":"https:\/\/fdp-aktiv.de\/blog\/wp-json\/wp\/v2\/posts\/5286\/revisions"}],"predecessor-version":[{"id":5287,"href":"https:\/\/fdp-aktiv.de\/blog\/wp-json\/wp\/v2\/posts\/5286\/revisions\/5287"}],"wp:attachment":[{"href":"https:\/\/fdp-aktiv.de\/blog\/wp-json\/wp\/v2\/media?parent=5286"}],"wp:term":[{"taxonomy":"category","embeddable":true,"href":"https:\/\/fdp-aktiv.de\/blog\/wp-json\/wp\/v2\/categories?post=5286"},{"taxonomy":"post_tag","embeddable":true,"href":"https:\/\/fdp-aktiv.de\/blog\/wp-json\/wp\/v2\/tags?post=5286"}],"curies":[{"name":"wp","href":"https:\/\/api.w.org\/{rel}","templated":true}]}}