{"id":5304,"date":"2022-04-28T14:54:22","date_gmt":"2022-04-28T12:54:22","guid":{"rendered":"https:\/\/fdp-aktiv.de\/blog\/?p=5304"},"modified":"2022-04-28T14:54:45","modified_gmt":"2022-04-28T12:54:45","slug":"die-einrichtungsbezogene-impfpflicht-muss-fallen","status":"publish","type":"post","link":"https:\/\/fdp-aktiv.de\/blog\/2022\/04\/28\/die-einrichtungsbezogene-impfpflicht-muss-fallen\/","title":{"rendered":"Die einrichtungsbezogene Impfpflicht muss fallen"},"content":{"rendered":"<ul>\n<li>In Th\u00fcringen sind bereits 8700 Besch\u00e4ftigte im Gesundheits- und Sozialbereich als ungeimpft erfasst worden. Das teilte das Gesundheitsministerium mit. Dazu erkl\u00e4rt Thomas L. #Kemmerich, Sprecher der Freien Demokraten im Th\u00fcringer Landtag:<\/li>\n<\/ul>\n<figure id=\"attachment_1115\" aria-describedby=\"caption-attachment-1115\" style=\"width: 790px\" class=\"wp-caption aligncenter\"><a href=\"https:\/\/fdp-aktiv.de\/blog\/wp-content\/uploads\/2021\/04\/Thoms-Kemmerich.jpg\"><img loading=\"lazy\" decoding=\"async\" class=\"size-full wp-image-1115\" src=\"https:\/\/fdp-aktiv.de\/blog\/wp-content\/uploads\/2021\/04\/Thoms-Kemmerich.jpg\" alt=\"Thomas L. Kemmerich\" width=\"790\" height=\"700\" srcset=\"https:\/\/fdp-aktiv.de\/blog\/wp-content\/uploads\/2021\/04\/Thoms-Kemmerich.jpg 790w, https:\/\/fdp-aktiv.de\/blog\/wp-content\/uploads\/2021\/04\/Thoms-Kemmerich-300x266.jpg 300w, https:\/\/fdp-aktiv.de\/blog\/wp-content\/uploads\/2021\/04\/Thoms-Kemmerich-768x681.jpg 768w\" sizes=\"auto, (max-width: 790px) 100vw, 790px\" \/><\/a><figcaption id=\"caption-attachment-1115\" class=\"wp-caption-text\">Thomas L. Kemmerich<\/figcaption><\/figure>\n<p>\u201eEine Impfflicht ist weder gesundheitspolitisch geboten noch juristisch haltbar und somit folgerichtig auch einrichtungsbezogen aufzuheben. Es braucht ein klares Signal an alle Besch\u00e4ftigten in der Pflege und der Gesundheitsbranche, dass sie sich weiterhin um die ihnen anvertrauten Menschen k\u00fcmmern d\u00fcrfen. Bleibt es bei der Impfpflicht, kann es zu einem Zusammenbruch der Versorgung in Krankenh\u00e4usern und Pflegeeinrichtungen in Th\u00fcringen kommen. Dann w\u00e4re ausgerechnet das erreicht, wovor Wissenschaftler und Politiker seit Ausbruch der Pandemie immer wieder warnen.\u201c<\/p>\n","protected":false},"excerpt":{"rendered":"<p>In Th\u00fcringen sind bereits 8700 Besch\u00e4ftigte im Gesundheits- und Sozialbereich als ungeimpft erfasst worden. Das teilte das Gesundheitsministerium mit. Dazu erkl\u00e4rt Thomas L. #Kemmerich, Sprecher der Freien Demokraten im Th\u00fcringer [&#8230;]<\/p>\n","protected":false},"author":1,"featured_media":0,"comment_status":"open","ping_status":"closed","sticky":false,"template":"","format":"standard","meta":{"footnotes":""},"categories":[4],"tags":[669,291,271],"class_list":["post-5304","post","type-post","status-publish","format-standard","hentry","category-covid-19","tag-fdp-thueringen","tag-impfpflicht","tag-thomas-kemmerich"],"_links":{"self":[{"href":"https:\/\/fdp-aktiv.de\/blog\/wp-json\/wp\/v2\/posts\/5304","targetHints":{"allow":["GET"]}}],"collection":[{"href":"https:\/\/fdp-aktiv.de\/blog\/wp-json\/wp\/v2\/posts"}],"about":[{"href":"https:\/\/fdp-aktiv.de\/blog\/wp-json\/wp\/v2\/types\/post"}],"author":[{"embeddable":true,"href":"https:\/\/fdp-aktiv.de\/blog\/wp-json\/wp\/v2\/users\/1"}],"replies":[{"embeddable":true,"href":"https:\/\/fdp-aktiv.de\/blog\/wp-json\/wp\/v2\/comments?post=5304"}],"version-history":[{"count":2,"href":"https:\/\/fdp-aktiv.de\/blog\/wp-json\/wp\/v2\/posts\/5304\/revisions"}],"predecessor-version":[{"id":5306,"href":"https:\/\/fdp-aktiv.de\/blog\/wp-json\/wp\/v2\/posts\/5304\/revisions\/5306"}],"wp:attachment":[{"href":"https:\/\/fdp-aktiv.de\/blog\/wp-json\/wp\/v2\/media?parent=5304"}],"wp:term":[{"taxonomy":"category","embeddable":true,"href":"https:\/\/fdp-aktiv.de\/blog\/wp-json\/wp\/v2\/categories?post=5304"},{"taxonomy":"post_tag","embeddable":true,"href":"https:\/\/fdp-aktiv.de\/blog\/wp-json\/wp\/v2\/tags?post=5304"}],"curies":[{"name":"wp","href":"https:\/\/api.w.org\/{rel}","templated":true}]}}