{"id":5307,"date":"2022-04-28T16:13:18","date_gmt":"2022-04-28T14:13:18","guid":{"rendered":"https:\/\/fdp-aktiv.de\/blog\/?p=5307"},"modified":"2022-04-28T16:13:34","modified_gmt":"2022-04-28T14:13:34","slug":"bayern-maskenpflicht-an-hochschulen-muss-fallen","status":"publish","type":"post","link":"https:\/\/fdp-aktiv.de\/blog\/2022\/04\/28\/bayern-maskenpflicht-an-hochschulen-muss-fallen\/","title":{"rendered":"Bayern: Maskenpflicht an Hochschulen muss fallen"},"content":{"rendered":"<p>W\u00e4hrend die Maskenpflicht in Bayern in weiten Teilen des \u00f6ffentlichen Lebens bereits aufgehoben wurde, muss man an vielen Universit\u00e4ten und Hochschulen im Freistaat nach wie vor einen Mund-Nasen-Schutz tragen. Die Bildungseinrichtungen berufen sich auf ihr Hausrecht, die Staatsregierung unterst\u00fctzt diese Auffassung. Der wissenschaftspolitische Sprecher der FDP-Fraktion im Bayerischen Landtag <strong>Dr. Wolfgang Heubisch<\/strong> h\u00e4lt dies f\u00fcr ein falsches Signal:<\/p>\n<figure id=\"attachment_4094\" aria-describedby=\"caption-attachment-4094\" style=\"width: 800px\" class=\"wp-caption aligncenter\"><a href=\"https:\/\/fdp-aktiv.de\/blog\/wp-content\/uploads\/2022\/01\/WH-Shoot-Juli2020-03.jpeg-scaled.jpg\"><img loading=\"lazy\" decoding=\"async\" class=\"size-large wp-image-4094\" src=\"https:\/\/fdp-aktiv.de\/blog\/wp-content\/uploads\/2022\/01\/WH-Shoot-Juli2020-03.jpeg-1024x683.jpg\" alt=\"Dr. Wolfgang Heubisch\" width=\"800\" height=\"534\" srcset=\"https:\/\/fdp-aktiv.de\/blog\/wp-content\/uploads\/2022\/01\/WH-Shoot-Juli2020-03.jpeg-1024x683.jpg 1024w, https:\/\/fdp-aktiv.de\/blog\/wp-content\/uploads\/2022\/01\/WH-Shoot-Juli2020-03.jpeg-300x200.jpg 300w, https:\/\/fdp-aktiv.de\/blog\/wp-content\/uploads\/2022\/01\/WH-Shoot-Juli2020-03.jpeg-768x512.jpg 768w, https:\/\/fdp-aktiv.de\/blog\/wp-content\/uploads\/2022\/01\/WH-Shoot-Juli2020-03.jpeg-1536x1024.jpg 1536w, https:\/\/fdp-aktiv.de\/blog\/wp-content\/uploads\/2022\/01\/WH-Shoot-Juli2020-03.jpeg-2048x1365.jpg 2048w\" sizes=\"auto, (max-width: 800px) 100vw, 800px\" \/><\/a><figcaption id=\"caption-attachment-4094\" class=\"wp-caption-text\">Dr. Wolfgang Heubisch<\/figcaption><\/figure>\n<p>\u201eUnsere Studierenden in Bayern k\u00f6nnen doch eigenst\u00e4ndig entscheiden, ob und wann sie das Tragen einer Maske f\u00fcr notwendig und angemessen halten. Dass die Hochschulen das nicht anerkennen, und die Staatsregierung mit Wissenschaftsminister Markus Blume dies noch mit aller Kraft verteidigt, spricht B\u00e4nde \u00fcber ihr Bild von jungen Erwachsenen. Unsere Studierenden d\u00fcrfen nicht l\u00e4nger benachteiligt werden. Sie haben die letzten zwei Jahre schon genug unter den oft \u00fcberzogenen Corona-Ma\u00dfnahmen der Staatsregierung gelitten. Dass man ihnen jetzt die R\u00fcckkehr zur Normalit\u00e4t verweigert, ist ein Schlag ins Gesicht dieser jungen Menschen.\u201c<\/p>\n<figure id=\"attachment_4397\" aria-describedby=\"caption-attachment-4397\" style=\"width: 840px\" class=\"wp-caption aligncenter\"><a href=\"https:\/\/fdp-aktiv.de\/blog\/wp-content\/uploads\/2022\/02\/Spitzer.jpg\"><img loading=\"lazy\" decoding=\"async\" class=\"size-full wp-image-4397\" src=\"https:\/\/fdp-aktiv.de\/blog\/wp-content\/uploads\/2022\/02\/Spitzer.jpg\" alt=\"\" width=\"840\" height=\"472\" srcset=\"https:\/\/fdp-aktiv.de\/blog\/wp-content\/uploads\/2022\/02\/Spitzer.jpg 840w, https:\/\/fdp-aktiv.de\/blog\/wp-content\/uploads\/2022\/02\/Spitzer-300x169.jpg 300w, https:\/\/fdp-aktiv.de\/blog\/wp-content\/uploads\/2022\/02\/Spitzer-768x432.jpg 768w\" sizes=\"auto, (max-width: 840px) 100vw, 840px\" \/><\/a><figcaption id=\"caption-attachment-4397\" class=\"wp-caption-text\">Dr. Dominik Spitzer<\/figcaption><\/figure>\n<p>Der gesundheits- und pflegepolitische Fraktionssprecher <strong>Dr. Dominik Spitzer <\/strong>erg\u00e4nzt: \u201eDass die Hochschulen den Studierenden in Bayern weiterhin einen Mund-Nasen-Schutz vorschreiben, ist aus infektiologischer Sicht vollkommen sinnlos: Ein Campus und ein H\u00f6rsaal sind nicht mehr oder weniger gef\u00e4hrlich als andere Orte. Wir sehen gerade, dass das Prinzip Eigenverantwortung \u00fcberall funktioniert, die Infektionszahlen sinken trotz Wegfall der Ma\u00dfnahmen. Es gibt keine vern\u00fcnftigen Argumente, warum dies an den bayerischen Hochschulen und Universit\u00e4ten anders sein sollte.\u201c<\/p>\n","protected":false},"excerpt":{"rendered":"<p>W\u00e4hrend die Maskenpflicht in Bayern in weiten Teilen des \u00f6ffentlichen Lebens bereits aufgehoben wurde, muss man an vielen Universit\u00e4ten und Hochschulen im Freistaat nach wie vor einen Mund-Nasen-Schutz tragen. Die [&#8230;]<\/p>\n","protected":false},"author":1,"featured_media":0,"comment_status":"open","ping_status":"closed","sticky":false,"template":"","format":"standard","meta":{"footnotes":""},"categories":[4],"tags":[16,1936,1883,322,894],"class_list":["post-5307","post","type-post","status-publish","format-standard","hentry","category-covid-19","tag-corona","tag-dr-dominik-spitzer","tag-dr-wolfgang-heubisch","tag-fdp-bayern","tag-maskenpflicht"],"_links":{"self":[{"href":"https:\/\/fdp-aktiv.de\/blog\/wp-json\/wp\/v2\/posts\/5307","targetHints":{"allow":["GET"]}}],"collection":[{"href":"https:\/\/fdp-aktiv.de\/blog\/wp-json\/wp\/v2\/posts"}],"about":[{"href":"https:\/\/fdp-aktiv.de\/blog\/wp-json\/wp\/v2\/types\/post"}],"author":[{"embeddable":true,"href":"https:\/\/fdp-aktiv.de\/blog\/wp-json\/wp\/v2\/users\/1"}],"replies":[{"embeddable":true,"href":"https:\/\/fdp-aktiv.de\/blog\/wp-json\/wp\/v2\/comments?post=5307"}],"version-history":[{"count":1,"href":"https:\/\/fdp-aktiv.de\/blog\/wp-json\/wp\/v2\/posts\/5307\/revisions"}],"predecessor-version":[{"id":5308,"href":"https:\/\/fdp-aktiv.de\/blog\/wp-json\/wp\/v2\/posts\/5307\/revisions\/5308"}],"wp:attachment":[{"href":"https:\/\/fdp-aktiv.de\/blog\/wp-json\/wp\/v2\/media?parent=5307"}],"wp:term":[{"taxonomy":"category","embeddable":true,"href":"https:\/\/fdp-aktiv.de\/blog\/wp-json\/wp\/v2\/categories?post=5307"},{"taxonomy":"post_tag","embeddable":true,"href":"https:\/\/fdp-aktiv.de\/blog\/wp-json\/wp\/v2\/tags?post=5307"}],"curies":[{"name":"wp","href":"https:\/\/api.w.org\/{rel}","templated":true}]}}