{"id":536,"date":"2021-02-17T22:27:43","date_gmt":"2021-02-17T21:27:43","guid":{"rendered":"https:\/\/fdp-aktiv.de\/blog\/?p=536"},"modified":"2021-02-18T09:08:06","modified_gmt":"2021-02-18T08:08:06","slug":"politischer-aschermittwoch-der-fdp","status":"publish","type":"post","link":"https:\/\/fdp-aktiv.de\/blog\/2021\/02\/17\/politischer-aschermittwoch-der-fdp\/","title":{"rendered":"Politischer Aschermittwoch der FDP"},"content":{"rendered":"<div class=\"leadIn\"><\/div>\n<p>Eine deftige Brotzeit, frischgezapftes Bier und die ein oder andere Spitze gegen den politischen Mitbewerber \u2013 der Aschermittwoch ist f\u00fcr uns Liberale ein allj\u00e4hrlicher H\u00f6hepunkt im politischen Kalender. Leider kann coronabedingt auch der Politische Aschermittwoch 2021 nicht wie gewohnt in geselliger Runde stattfinden, doch die FDP Bayern bringt den \u201ePAM\u201c zu Ihnen nach Hause.<\/p>\n<p>&nbsp;<\/p>\n<p>Kompletter Politischer Aschermittwoch der FDP:<\/p>\n<p><iframe loading=\"lazy\" title=\"Politischer Aschermittwoch 2021 der FDP \u2013 #PAM21\" width=\"800\" height=\"450\" src=\"https:\/\/www.youtube.com\/embed\/5N1qXRZZ_Zs?feature=oembed\" frameborder=\"0\" allow=\"accelerometer; autoplay; clipboard-write; encrypted-media; gyroscope; picture-in-picture\" allowfullscreen><\/iframe><\/p>\n","protected":false},"excerpt":{"rendered":"<p>Eine deftige Brotzeit, frischgezapftes Bier und die ein oder andere Spitze gegen den politischen Mitbewerber \u2013 der Aschermittwoch ist f\u00fcr uns Liberale ein allj\u00e4hrlicher H\u00f6hepunkt im politischen Kalender. Leider kann [&#8230;]<\/p>\n","protected":false},"author":1,"featured_media":0,"comment_status":"open","ping_status":"closed","sticky":false,"template":"","format":"standard","meta":{"footnotes":""},"categories":[60],"tags":[359,29,13],"class_list":["post-536","post","type-post","status-publish","format-standard","hentry","category-youtube","tag-aschermittwoch","tag-bayern","tag-fdp"],"_links":{"self":[{"href":"https:\/\/fdp-aktiv.de\/blog\/wp-json\/wp\/v2\/posts\/536","targetHints":{"allow":["GET"]}}],"collection":[{"href":"https:\/\/fdp-aktiv.de\/blog\/wp-json\/wp\/v2\/posts"}],"about":[{"href":"https:\/\/fdp-aktiv.de\/blog\/wp-json\/wp\/v2\/types\/post"}],"author":[{"embeddable":true,"href":"https:\/\/fdp-aktiv.de\/blog\/wp-json\/wp\/v2\/users\/1"}],"replies":[{"embeddable":true,"href":"https:\/\/fdp-aktiv.de\/blog\/wp-json\/wp\/v2\/comments?post=536"}],"version-history":[{"count":1,"href":"https:\/\/fdp-aktiv.de\/blog\/wp-json\/wp\/v2\/posts\/536\/revisions"}],"predecessor-version":[{"id":537,"href":"https:\/\/fdp-aktiv.de\/blog\/wp-json\/wp\/v2\/posts\/536\/revisions\/537"}],"wp:attachment":[{"href":"https:\/\/fdp-aktiv.de\/blog\/wp-json\/wp\/v2\/media?parent=536"}],"wp:term":[{"taxonomy":"category","embeddable":true,"href":"https:\/\/fdp-aktiv.de\/blog\/wp-json\/wp\/v2\/categories?post=536"},{"taxonomy":"post_tag","embeddable":true,"href":"https:\/\/fdp-aktiv.de\/blog\/wp-json\/wp\/v2\/tags?post=536"}],"curies":[{"name":"wp","href":"https:\/\/api.w.org\/{rel}","templated":true}]}}