{"id":5402,"date":"2022-05-06T13:39:52","date_gmt":"2022-05-06T11:39:52","guid":{"rendered":"https:\/\/fdp-aktiv.de\/blog\/?p=5402"},"modified":"2022-09-30T10:40:25","modified_gmt":"2022-09-30T08:40:25","slug":"wissing-gastbeitrag-digital-only-ist-unsere-zukunft","status":"publish","type":"post","link":"https:\/\/fdp-aktiv.de\/blog\/2022\/05\/06\/wissing-gastbeitrag-digital-only-ist-unsere-zukunft\/","title":{"rendered":"WISSING-Gastbeitrag: Digital only ist unsere Zukunft."},"content":{"rendered":"<div class=\"clearfix text-formatted field field--name-body field--type-text-with-summary field--label-hidden field__item\">\n<p>FDP-Pr\u00e4sidiumsmitglied und Bundesminister f\u00fcr Digitales Dr. Volker Wissing schrieb f\u00fcr das \u201eHandelsblatt\u201c (Freitag-Ausgabe) und f\u00fcr \u201eHandelsblatt Online\u201c den folgenden Gastbeitrag:<\/p>\n<figure id=\"attachment_1120\" aria-describedby=\"caption-attachment-1120\" style=\"width: 1024px\" class=\"wp-caption aligncenter\"><a href=\"https:\/\/fdp-aktiv.de\/blog\/wp-content\/uploads\/2021\/04\/Dr-Volker-Wissing.jpg\"><img loading=\"lazy\" decoding=\"async\" class=\"size-full wp-image-1120\" src=\"https:\/\/fdp-aktiv.de\/blog\/wp-content\/uploads\/2021\/04\/Dr-Volker-Wissing.jpg\" alt=\"Dr. Volker Wissing\" width=\"1024\" height=\"683\" srcset=\"https:\/\/fdp-aktiv.de\/blog\/wp-content\/uploads\/2021\/04\/Dr-Volker-Wissing.jpg 1024w, https:\/\/fdp-aktiv.de\/blog\/wp-content\/uploads\/2021\/04\/Dr-Volker-Wissing-300x200.jpg 300w, https:\/\/fdp-aktiv.de\/blog\/wp-content\/uploads\/2021\/04\/Dr-Volker-Wissing-768x512.jpg 768w\" sizes=\"auto, (max-width: 1024px) 100vw, 1024px\" \/><\/a><figcaption id=\"caption-attachment-1120\" class=\"wp-caption-text\">Dr. Volker Wissing<\/figcaption><\/figure>\n<p>Wir starten Recherchen auf Wikipedia, wir organisieren schnelle Eink\u00e4ufe \u00fcber Apps und ein Bankgesch\u00e4ft am Laptop oder halten mit fernen Freunden \u00fcber Messengerdienste Kontakt.<\/p>\n<p>Das viel beschworene Neuland erschlie\u00dfen wir uns zunehmend mit autonomen Verkehrsmitteln, und im Gesundheitsbereich f\u00fchrt die Digitalisierung zu besseren Diagnosen und damit auch zu optimierten Behandlungen. Grundlage dieses Fortschritts sind leistungsf\u00e4hige Netze und Daten.<\/p>\n<p>Als Bundesminister f\u00fcr Digitales verantworte ich zwei zentrale Strategien der Bundesregierung. Mit der Digitalstrategie entwickeln wir ein Zielbild, wo Deutschland im Jahr 2025 stehen soll. Sie ist in erster Linie ein Pflichtenheft f\u00fcr uns als Staat; eine Verpflichtung, in wichtigen Bereichen wesentliche Digitalisierungsschritte nach vorn zu unternehmen.<\/p>\n<p>Wir st\u00fctzen uns hierbei auf die Ergebnisse der Gigabitstrategie. Mit ihr sorgen wir f\u00fcr den Ausbau eines leistungsstarken Glasfasernetzes, das die Nutzung von Daten erst erm\u00f6glicht. Gigabit- und Digitalstrategie erlauben es uns, neue L\u00f6sungen f\u00fcr gesellschaftliche und \u00f6konomische Herausforderungen zu finden.<\/p>\n<p>Als Digitalminister sorge ich dabei f\u00fcr den richtigen Rahmen. Wir brauchen klare Spielregeln, damit wir uns sicher und souver\u00e4n in der Welt der Daten bewegen k\u00f6nnen. Nur so garantieren wir fairen Wettbewerb und sch\u00fctzen unsere Identit\u00e4t. Einseitige Abh\u00e4ngigkeiten m\u00fcssen wir vermeiden und uns der Verbreitung von illegalen Inhalten und Hassreden entschlossen entgegenstellen.<\/p>\n<p>Das Digitalministerium steht f\u00fcr einen selbstbestimmten und sicheren Umgang im Netz. Wir wollen das Einwilligungsmanagement auf Webseiten (insbesondere \u00fcber Cookies) weiterentwickeln, den Einsatz sicherer digitaler Identit\u00e4ten europaweit st\u00e4rken und damit einen weiteren Schritt hin zur Vollendung des digitalen Binnenmarkts gehen.<\/p>\n<p>Im Mittelpunkt m\u00fcssen souver\u00e4ne und selbstbestimmte Nutzerinnen und Nutzer stehen. Sie wollen wir st\u00e4rken, sei es gegen\u00fcber dominanter Marktmacht oder pers\u00f6nlichen Angriffen. Mit dem Digital Services Act werden wir der Verbreitung illegaler und strafbarer Inhalte im Netz konsequent begegnen. Aber auch im Netz gilt: Die Meinungsfreiheit muss engagiert verteidigt werden.<\/p>\n<p>Auch wenn sie unbequem sein kann, macht sie uns st\u00e4rker und resilienter. Desinformation m\u00fcssen wir Information entgegensetzen. Wir sind aber nicht isoliert auf der Welt, unsere Absatzm\u00e4rkte sind nicht auf Deutschland beschr\u00e4nkt, und die Zulieferer sitzen nicht nur in der N\u00e4he. Deshalb setzen wir uns auch global f\u00fcr faire Regeln auf offenen M\u00e4rkten ein.<\/p>\n<p>Den Zwang, Daten an einem bestimmten Ort zu speichern, lehne ich grunds\u00e4tzlich ab. Abh\u00e4ngigkeiten m\u00fcssen wir durch eigene St\u00e4rke vermeiden. Das Digitalministerium ist die deutsche Stimme in internationalen Gremien wie der OECD, der G7 und der G20. Wir werden die digitale Souver\u00e4nit\u00e4t st\u00e4rken, ohne neue Barrieren zu errichten. Ich werde mich im Rahmen der G7 f\u00fcr den freien Austausch von Daten \u00fcber Grenzen hinweg einsetzen.<\/p>\n<p>Um wirtschaftlich selbstbewusst im Digitalkonzert mitspielen zu k\u00f6nnen, m\u00fcssen wir neben den Regeln in erster Linie auch f\u00fcr eine bessere Verf\u00fcgbarkeit der Grundlage digitaler Gesch\u00e4ftsmodelle sorgen: Daten.<\/p>\n<p>Als Bundesminister f\u00fcr Digitales will ich mehr und bessere Daten zug\u00e4nglich machen. Ich will Anreize f\u00fcr die Datenerhebung und das Datenteilen schaffen, sowohl f\u00fcr die Privatwirtschaft als auch f\u00fcr die \u00f6ffentliche Hand.<\/p>\n<p>Der Staat muss dabei mit gutem Beispiel vorangehen und seine Daten f\u00fcr kommerzielle, allgemeinwohlorientierte und Forschungszwecke \u00f6ffnen. Hier verfolgen wir eine offene Datenbereitstellungspolitik: Wir wollen Daten f\u00fcr innovative Gesch\u00e4ftsmodelle nutzbar machen, damit Deutschland auch in der digitalen Dekade in der ersten Liga spielt.<\/p>\n<p>Das Bundesministerium f\u00fcr Digitales wird dabei vorangehen und die Daten \u00f6ffentlicher Unternehmen wie der Autobahn GmbH oder Toll Collect besser zug\u00e4nglich machen.<\/p>\n<p>Bei der Vielfalt der unterschiedlichen Daten brauchen wir einen differenzierten Ansatz bezogen auf Zugang, Weiterverwendung und Schutzniveau. Die Ma\u00dfst\u00e4be m\u00fcssen bei Wetterdaten andere sein als bei Gesundheitsdaten \u2013 f\u00fcr personenbezogene Daten setzt die Datenschutz-Grundverordnung den richtigen Rahmen.<\/p>\n<p>F\u00fcr sonstige Unternehmensdaten, insbesondere Daten des Internets der Dinge, hat die Europ\u00e4ische Kommission mit dem Data Act einen wichtigen Vorschlag gemacht, den wir nun gestalten wollen.<\/p>\n<p>F\u00fcr den Mobilit\u00e4tssektor setzen wir auf zwei S\u00e4ulen: \u00dcber die Plattform Mobilithek werden vor allem offene und auf gesetzlicher Grundlage ver\u00f6ffentlichte Daten verf\u00fcgbar gemacht.<\/p>\n<p>Daneben bieten wir mit dem \u201eMobility Data Space\u201c eine Plattform, auf der Mobilit\u00e4tsdaten unter Wahrung von Eigentumsrechten sicher und transparent geteilt werden k\u00f6nnen. Erste Anwendungen aus diesem Datenraum starten bereits.<\/p>\n<p>So vereinfachen wir die Parkplatzsuche, erm\u00f6glichen bessere Verkehrsprognosen oder die Wahl des Verkehrsmittels in Abh\u00e4ngigkeit von der Wetterlage. Solche Datenr\u00e4ume gilt es auch in anderen Bereichen, zum Beispiel im Gesundheitsbereich, zu st\u00e4rken und auszubauen. Dar\u00fcber hinaus wollen wir Datentreuhandmodelle forcieren, die je nach den konkreten Anforderungen an Sicherheit und Schutz der Daten gestaltet werden sollen.<\/p>\n<p>Am Ende dieser Legislatur sollen der Wirtschaft und der \u00f6ffentlichen Hand, dem Gesundheitssektor, staatlichen Stellen und gemeinn\u00fctzigen Organisationen mehr und bessere Daten zur Verf\u00fcgung stehen. Daf\u00fcr wollen wir klare und faire Spielregeln in Deutschland und Europa schaffen \u2013 f\u00fcr Nutzende, Unternehmen und den Staat.<\/p>\n<p>Wenn ich als Digitalminister einen Wunsch frei h\u00e4tte, w\u00e4re es dieser: Wir sollten als Gesellschaft den Mut aufbringen, das Analoge konsequent durch Digitales zu ersetzen und die Parallelstrukturen beenden.<\/p>\n<p>Sie schw\u00e4chen uns doppelt: Zum einen nehmen sie der Digitalisierung einen Teil ihres Potenzials, und zum anderen belasten sie uns mit erheblichen Kosten. Wir haben weder Zeit zu verlieren, noch Geld zu verschwenden. Digital only ist unsere Zukunft.<\/p>\n<\/div>\n","protected":false},"excerpt":{"rendered":"<p>FDP-Pr\u00e4sidiumsmitglied und Bundesminister f\u00fcr Digitales Dr. Volker Wissing schrieb f\u00fcr das \u201eHandelsblatt\u201c (Freitag-Ausgabe) und f\u00fcr \u201eHandelsblatt Online\u201c den folgenden Gastbeitrag: Wir starten Recherchen auf Wikipedia, wir organisieren schnelle Eink\u00e4ufe \u00fcber [&#8230;]<\/p>\n","protected":false},"author":1,"featured_media":0,"comment_status":"open","ping_status":"closed","sticky":false,"template":"","format":"standard","meta":{"footnotes":""},"categories":[173],"tags":[846,907,2688],"class_list":["post-5402","post","type-post","status-publish","format-standard","hentry","category-podcast","tag-dr-volker-wissing","tag-fdp-aktiv","tag-fdp-bundestag"],"_links":{"self":[{"href":"https:\/\/fdp-aktiv.de\/blog\/wp-json\/wp\/v2\/posts\/5402","targetHints":{"allow":["GET"]}}],"collection":[{"href":"https:\/\/fdp-aktiv.de\/blog\/wp-json\/wp\/v2\/posts"}],"about":[{"href":"https:\/\/fdp-aktiv.de\/blog\/wp-json\/wp\/v2\/types\/post"}],"author":[{"embeddable":true,"href":"https:\/\/fdp-aktiv.de\/blog\/wp-json\/wp\/v2\/users\/1"}],"replies":[{"embeddable":true,"href":"https:\/\/fdp-aktiv.de\/blog\/wp-json\/wp\/v2\/comments?post=5402"}],"version-history":[{"count":1,"href":"https:\/\/fdp-aktiv.de\/blog\/wp-json\/wp\/v2\/posts\/5402\/revisions"}],"predecessor-version":[{"id":5403,"href":"https:\/\/fdp-aktiv.de\/blog\/wp-json\/wp\/v2\/posts\/5402\/revisions\/5403"}],"wp:attachment":[{"href":"https:\/\/fdp-aktiv.de\/blog\/wp-json\/wp\/v2\/media?parent=5402"}],"wp:term":[{"taxonomy":"category","embeddable":true,"href":"https:\/\/fdp-aktiv.de\/blog\/wp-json\/wp\/v2\/categories?post=5402"},{"taxonomy":"post_tag","embeddable":true,"href":"https:\/\/fdp-aktiv.de\/blog\/wp-json\/wp\/v2\/tags?post=5402"}],"curies":[{"name":"wp","href":"https:\/\/api.w.org\/{rel}","templated":true}]}}