{"id":5404,"date":"2022-05-07T08:05:16","date_gmt":"2022-05-07T06:05:16","guid":{"rendered":"https:\/\/fdp-aktiv.de\/blog\/?p=5404"},"modified":"2022-05-07T08:05:16","modified_gmt":"2022-05-07T06:05:16","slug":"saarland-landesregierung-muss-die-finanzkraft-der-kommunen-schnell-staerken","status":"publish","type":"post","link":"https:\/\/fdp-aktiv.de\/blog\/2022\/05\/07\/saarland-landesregierung-muss-die-finanzkraft-der-kommunen-schnell-staerken\/","title":{"rendered":"Saarland: Landesregierung muss die Finanzkraft der Kommunen schnell st\u00e4rken"},"content":{"rendered":"<div class=\"clearfix text-formatted field field--name-field-body field--type-text-long field--label-hidden field__item\">\n<p>Die FDP Saar fordert die saarl\u00e4ndische Landesregierung auf, die Finanzkraft der Kommunen schnell zu st\u00e4rken, damit diese ihre Aufgaben weiterhin erledigen und zukunftsgerichtet investieren k\u00f6nnen.<\/p>\n<p>Dazu der finanzpolitische Sprecher Roland K\u00f6nig:<\/p>\n<figure id=\"attachment_5405\" aria-describedby=\"caption-attachment-5405\" style=\"width: 800px\" class=\"wp-caption aligncenter\"><a href=\"https:\/\/fdp-aktiv.de\/blog\/wp-content\/uploads\/2022\/05\/RolandKoenig.jpg\"><img loading=\"lazy\" decoding=\"async\" class=\"size-large wp-image-5405\" src=\"https:\/\/fdp-aktiv.de\/blog\/wp-content\/uploads\/2022\/05\/RolandKoenig-1024x683.jpg\" alt=\"Roland K\u00f6nig, \" width=\"800\" height=\"534\" srcset=\"https:\/\/fdp-aktiv.de\/blog\/wp-content\/uploads\/2022\/05\/RolandKoenig-1024x683.jpg 1024w, https:\/\/fdp-aktiv.de\/blog\/wp-content\/uploads\/2022\/05\/RolandKoenig-300x200.jpg 300w, https:\/\/fdp-aktiv.de\/blog\/wp-content\/uploads\/2022\/05\/RolandKoenig-768x512.jpg 768w, https:\/\/fdp-aktiv.de\/blog\/wp-content\/uploads\/2022\/05\/RolandKoenig-1536x1024.jpg 1536w, https:\/\/fdp-aktiv.de\/blog\/wp-content\/uploads\/2022\/05\/RolandKoenig.jpg 1920w\" sizes=\"auto, (max-width: 800px) 100vw, 800px\" \/><\/a><figcaption id=\"caption-attachment-5405\" class=\"wp-caption-text\">Roland K\u00f6nig, FDP<\/figcaption><\/figure>\n<p>\u201eEs ist dringend notwendig, die Finanzausstattung der Kommunen in den Blick zu nehmen. Daher ist es wichtig, dass Ministerpr\u00e4sidentin Rehlinger das Thema Finanzausgleich nicht nur richtigerweise anspricht, sondern auch schnell anpackt. Ein neues Gutachten sollte daher z\u00fcgig erarbeitet werden, um nicht weitere Zeit zu verlieren. Sollte die Landesregierung die im Wahlprogramm der SPD geforderte Reform der Verteilung der Umsatzsteuer umsetzen wollen, darf sie die Wirtschaftskraft der Kommunen nicht v\u00f6llig aus den Augen verlieren. Die Kommunen m\u00fcssen auch weiterhin Anreize haben, Unternehmen anzusiedeln und zu halten. Hierf\u00fcr sollten auch die im Saarland besonders hohen Gewerbesteuerhebes\u00e4tze gesenkt werden\u201c.<\/p>\n<\/div>\n","protected":false},"excerpt":{"rendered":"<p>Die FDP Saar fordert die saarl\u00e4ndische Landesregierung auf, die Finanzkraft der Kommunen schnell zu st\u00e4rken, damit diese ihre Aufgaben weiterhin erledigen und zukunftsgerichtet investieren k\u00f6nnen. Dazu der finanzpolitische Sprecher Roland [&#8230;]<\/p>\n","protected":false},"author":1,"featured_media":0,"comment_status":"open","ping_status":"closed","sticky":false,"template":"","format":"standard","meta":{"footnotes":""},"categories":[55],"tags":[708,482,878,2280],"class_list":["post-5404","post","type-post","status-publish","format-standard","hentry","category-finanzen","tag-fdp-saar","tag-finanzen","tag-kommunen","tag-roland-koenig"],"_links":{"self":[{"href":"https:\/\/fdp-aktiv.de\/blog\/wp-json\/wp\/v2\/posts\/5404","targetHints":{"allow":["GET"]}}],"collection":[{"href":"https:\/\/fdp-aktiv.de\/blog\/wp-json\/wp\/v2\/posts"}],"about":[{"href":"https:\/\/fdp-aktiv.de\/blog\/wp-json\/wp\/v2\/types\/post"}],"author":[{"embeddable":true,"href":"https:\/\/fdp-aktiv.de\/blog\/wp-json\/wp\/v2\/users\/1"}],"replies":[{"embeddable":true,"href":"https:\/\/fdp-aktiv.de\/blog\/wp-json\/wp\/v2\/comments?post=5404"}],"version-history":[{"count":1,"href":"https:\/\/fdp-aktiv.de\/blog\/wp-json\/wp\/v2\/posts\/5404\/revisions"}],"predecessor-version":[{"id":5406,"href":"https:\/\/fdp-aktiv.de\/blog\/wp-json\/wp\/v2\/posts\/5404\/revisions\/5406"}],"wp:attachment":[{"href":"https:\/\/fdp-aktiv.de\/blog\/wp-json\/wp\/v2\/media?parent=5404"}],"wp:term":[{"taxonomy":"category","embeddable":true,"href":"https:\/\/fdp-aktiv.de\/blog\/wp-json\/wp\/v2\/categories?post=5404"},{"taxonomy":"post_tag","embeddable":true,"href":"https:\/\/fdp-aktiv.de\/blog\/wp-json\/wp\/v2\/tags?post=5404"}],"curies":[{"name":"wp","href":"https:\/\/api.w.org\/{rel}","templated":true}]}}