{"id":5514,"date":"2022-05-13T13:33:37","date_gmt":"2022-05-13T11:33:37","guid":{"rendered":"https:\/\/fdp-aktiv.de\/blog\/?p=5514"},"modified":"2022-05-13T13:33:49","modified_gmt":"2022-05-13T11:33:49","slug":"torsten-herbst-mdb-fdp-maskenpflicht-im-oepnv-in-sachsen-abschaffen-und-rueckkehr-zur-normalitaet-beschleunigen","status":"publish","type":"post","link":"https:\/\/fdp-aktiv.de\/blog\/2022\/05\/13\/torsten-herbst-mdb-fdp-maskenpflicht-im-oepnv-in-sachsen-abschaffen-und-rueckkehr-zur-normalitaet-beschleunigen\/","title":{"rendered":"Torsten Herbst MdB (FDP): Maskenpflicht im \u00d6PNV in Sachsen abschaffen und R\u00fcckkehr zur Normalit\u00e4t beschleunigen"},"content":{"rendered":"<p>(Berlin\/Dresden\/13.05.2022) In Sachsen gelten f\u00fcr die meisten Bereiche des \u00f6ffentlichen Lebens seit Anfang April keine Corona-Beschr\u00e4nkungen mehr. Lediglich im \u00d6PNV und im Gesundheitswesen gelten noch Corona-Schutzma\u00dfnahmen \u2013 wie etwa die Pflicht zum Tragen einer Maske. Dazu erkl\u00e4rt Torsten Herbst, s\u00e4chsischer Bundestagsabgeordneter und Parlamentarischer Gesch\u00e4ftsf\u00fchrer der Fraktion der Freien Demokraten im Deutschen Bundestag:<\/p>\n<p><a href=\"https:\/\/fdp-aktiv.de\/blog\/wp-content\/uploads\/2021\/12\/Torsten-Herbst.png\"><img loading=\"lazy\" decoding=\"async\" class=\"aligncenter size-full wp-image-3670\" src=\"https:\/\/fdp-aktiv.de\/blog\/wp-content\/uploads\/2021\/12\/Torsten-Herbst.png\" alt=\"\" width=\"545\" height=\"545\" srcset=\"https:\/\/fdp-aktiv.de\/blog\/wp-content\/uploads\/2021\/12\/Torsten-Herbst.png 545w, https:\/\/fdp-aktiv.de\/blog\/wp-content\/uploads\/2021\/12\/Torsten-Herbst-300x300.png 300w, https:\/\/fdp-aktiv.de\/blog\/wp-content\/uploads\/2021\/12\/Torsten-Herbst-150x150.png 150w, https:\/\/fdp-aktiv.de\/blog\/wp-content\/uploads\/2021\/12\/Torsten-Herbst-400x400.png 400w\" sizes=\"auto, (max-width: 545px) 100vw, 545px\" \/><\/a><\/p>\n<p>\u201eSeit Wochen sinkt in Deutschland die Corona-Inzidenz. Genau deshalb ist jetzt die Zeit gekommen, um die R\u00fcckkehr zur Normalit\u00e4t weiter zu beschleunigen und auch die Maskenpflicht im \u00d6PNV in Sachsen abzuschaffen. Denn bereits seit Anfang April sind die meisten pandemiebedingten Einschr\u00e4nkungen in Handel, Gastronomie, Kultur und weiteren Bereichen des \u00f6ffentlichen Lebens Geschichte. Seitdem ist Deutschland in keine neue kritische Phase der Pandemie eingetreten. Im Gegenteil: Seitdem entspannt sich neben der Infektionslage auch die Situation im Gesundheitswesen zusehends.<\/p>\n<p>Bundesverkehrsminister Volker Wissing liegt daher mit seinem Vorschlag genau richtig, die Maskenpflicht auch im Fernverkehr der Bahn sowie in Flugzeugen abzuschaffen. Und auch in Frankreich wird am Montag die Pflicht zum Tragen einer Mund- und Nasenbedeckung in Verkehrsmitteln wegfallen.\u00a0Die S\u00e4chsische Staatsregierung sollte diesem Ansatz folgen und zeitnah die s\u00e4chsische Corona-Schutzverordnung entsprechend anpassen. Denn nat\u00fcrlich bedeutet ein Ende der Maskenpflicht nicht, dass die Menschen zuk\u00fcnftig keine Masken mehr in \u00f6ffentlichen Verkehrsmitteln tragen d\u00fcrfen. Es hei\u00dft vielmehr, dass wir auch in diesem Bereich wieder mehr auf die Eigenverantwortung der B\u00fcrgerinnen und B\u00fcrger und weniger auf staatliche Freiheitseinschr\u00e4nkungen setzen sollten.\u201c<\/p>\n","protected":false},"excerpt":{"rendered":"<p>(Berlin\/Dresden\/13.05.2022) In Sachsen gelten f\u00fcr die meisten Bereiche des \u00f6ffentlichen Lebens seit Anfang April keine Corona-Beschr\u00e4nkungen mehr. Lediglich im \u00d6PNV und im Gesundheitswesen gelten noch Corona-Schutzma\u00dfnahmen \u2013 wie etwa die [&#8230;]<\/p>\n","protected":false},"author":1,"featured_media":0,"comment_status":"open","ping_status":"closed","sticky":false,"template":"","format":"standard","meta":{"footnotes":""},"categories":[4],"tags":[16,2326,894,1801,471],"class_list":["post-5514","post","type-post","status-publish","format-standard","hentry","category-covid-19","tag-corona","tag-corona-schutzmassnahmen","tag-maskenpflicht","tag-oepnv","tag-torsten-herbst"],"_links":{"self":[{"href":"https:\/\/fdp-aktiv.de\/blog\/wp-json\/wp\/v2\/posts\/5514","targetHints":{"allow":["GET"]}}],"collection":[{"href":"https:\/\/fdp-aktiv.de\/blog\/wp-json\/wp\/v2\/posts"}],"about":[{"href":"https:\/\/fdp-aktiv.de\/blog\/wp-json\/wp\/v2\/types\/post"}],"author":[{"embeddable":true,"href":"https:\/\/fdp-aktiv.de\/blog\/wp-json\/wp\/v2\/users\/1"}],"replies":[{"embeddable":true,"href":"https:\/\/fdp-aktiv.de\/blog\/wp-json\/wp\/v2\/comments?post=5514"}],"version-history":[{"count":2,"href":"https:\/\/fdp-aktiv.de\/blog\/wp-json\/wp\/v2\/posts\/5514\/revisions"}],"predecessor-version":[{"id":5516,"href":"https:\/\/fdp-aktiv.de\/blog\/wp-json\/wp\/v2\/posts\/5514\/revisions\/5516"}],"wp:attachment":[{"href":"https:\/\/fdp-aktiv.de\/blog\/wp-json\/wp\/v2\/media?parent=5514"}],"wp:term":[{"taxonomy":"category","embeddable":true,"href":"https:\/\/fdp-aktiv.de\/blog\/wp-json\/wp\/v2\/categories?post=5514"},{"taxonomy":"post_tag","embeddable":true,"href":"https:\/\/fdp-aktiv.de\/blog\/wp-json\/wp\/v2\/tags?post=5514"}],"curies":[{"name":"wp","href":"https:\/\/api.w.org\/{rel}","templated":true}]}}