{"id":5915,"date":"2022-06-26T14:58:39","date_gmt":"2022-06-26T12:58:39","guid":{"rendered":"https:\/\/fdp-aktiv.de\/blog\/?p=5915"},"modified":"2022-06-26T14:58:39","modified_gmt":"2022-06-26T12:58:39","slug":"schleswig-holstein-unsere-schulen-stehen-vor-gewaltigen-herausforderungen","status":"publish","type":"post","link":"https:\/\/fdp-aktiv.de\/blog\/2022\/06\/26\/schleswig-holstein-unsere-schulen-stehen-vor-gewaltigen-herausforderungen\/","title":{"rendered":"Schleswig-Holstein: Unsere Schulen stehen vor gewaltigen Herausforderungen"},"content":{"rendered":"<p>Zur Pr\u00e4sentation des Bildungsberichtes 2022 erkl\u00e4rt der Vorsitzende und bildungspolitische Sprecher der FDP-Landtagsfraktion,\u00a0Christopher Vogt:<\/p>\n<figure id=\"attachment_2668\" aria-describedby=\"caption-attachment-2668\" style=\"width: 800px\" class=\"wp-caption aligncenter\"><a href=\"https:\/\/fdp-aktiv.de\/blog\/wp-content\/uploads\/2021\/09\/Fdp2022.jpg\"><img loading=\"lazy\" decoding=\"async\" class=\"size-large wp-image-2668\" src=\"https:\/\/fdp-aktiv.de\/blog\/wp-content\/uploads\/2021\/09\/Fdp2022-1024x683.jpg\" alt=\"Vogt\" width=\"800\" height=\"534\" srcset=\"https:\/\/fdp-aktiv.de\/blog\/wp-content\/uploads\/2021\/09\/Fdp2022-1024x683.jpg 1024w, https:\/\/fdp-aktiv.de\/blog\/wp-content\/uploads\/2021\/09\/Fdp2022-300x200.jpg 300w, https:\/\/fdp-aktiv.de\/blog\/wp-content\/uploads\/2021\/09\/Fdp2022-768x512.jpg 768w, https:\/\/fdp-aktiv.de\/blog\/wp-content\/uploads\/2021\/09\/Fdp2022-1536x1024.jpg 1536w, https:\/\/fdp-aktiv.de\/blog\/wp-content\/uploads\/2021\/09\/Fdp2022-2048x1366.jpg 2048w\" sizes=\"auto, (max-width: 800px) 100vw, 800px\" \/><\/a><figcaption id=\"caption-attachment-2668\" class=\"wp-caption-text\">Christopher Vogt<br \/>Freie Demokraten FDP<br \/>Beisitzer im Bundesvorstand<br \/>Vorsitzender der FDP-Fraktion im Schleswig-Holsteinischen Landtag<\/figcaption><\/figure>\n<p>\u201eDer Bericht macht erneut deutlich, dass unsere Schulen vor gewaltigen Herausforderungen stehen. Vor allem der schon heute sp\u00fcrbare Personalmangel gef\u00e4hrdet ma\u00dfgeblich den Bildungserfolg. Und es ist absehbar, dass sich diese Entwicklung sp\u00e4testens ab 2025 dramatisch versch\u00e4rfen wird. Die neue Landesregierung versteckt sich im Koalitionsvertrag entweder hinter Jamaika-Beschl\u00fcssen oder der Ank\u00fcndigung von Pr\u00fcfauftr\u00e4gen, anstatt konkret zu sagen, wie viele Stellen sie in den kommenden Jahren an den Schulen schaffen will, um die drohende Misere noch abzuwenden.<\/p>\n<p>&nbsp;<\/p>\n<p>Wir hoffen sehr, dass Schwarz-Gr\u00fcn zumindest die richtigen Lehren aus der Pandemie zieht und die dramatischen Folgen der Schulschlie\u00dfungen vor Augen hat, wenn es um Ma\u00dfnahmen f\u00fcr den kommenden Herbst und Winter geht. Wir erwarten zudem, dass die notwendige Digitalisierung der Schulen energischer vorangetrieben wird. Es ist zwar berechtigt, wenn die neue Koalition einen weiteren Digitalpakt fordert, es ist aber noch dringender, dass das Bildungsministerium sich verst\u00e4rkt auf die Umsetzung des bisherigen konzentriert.\u201c<\/p>\n<p>&nbsp;<\/p>\n<p>&nbsp;<\/p>\n","protected":false},"excerpt":{"rendered":"<p>Zur Pr\u00e4sentation des Bildungsberichtes 2022 erkl\u00e4rt der Vorsitzende und bildungspolitische Sprecher der FDP-Landtagsfraktion,\u00a0Christopher Vogt: \u201eDer Bericht macht erneut deutlich, dass unsere Schulen vor gewaltigen Herausforderungen stehen. Vor allem der schon [&#8230;]<\/p>\n","protected":false},"author":1,"featured_media":0,"comment_status":"open","ping_status":"closed","sticky":false,"template":"","format":"standard","meta":{"footnotes":""},"categories":[34],"tags":[599,814,154],"class_list":["post-5915","post","type-post","status-publish","format-standard","hentry","category-bildung","tag-christopher-vogt","tag-fdp-lsh","tag-schule"],"_links":{"self":[{"href":"https:\/\/fdp-aktiv.de\/blog\/wp-json\/wp\/v2\/posts\/5915","targetHints":{"allow":["GET"]}}],"collection":[{"href":"https:\/\/fdp-aktiv.de\/blog\/wp-json\/wp\/v2\/posts"}],"about":[{"href":"https:\/\/fdp-aktiv.de\/blog\/wp-json\/wp\/v2\/types\/post"}],"author":[{"embeddable":true,"href":"https:\/\/fdp-aktiv.de\/blog\/wp-json\/wp\/v2\/users\/1"}],"replies":[{"embeddable":true,"href":"https:\/\/fdp-aktiv.de\/blog\/wp-json\/wp\/v2\/comments?post=5915"}],"version-history":[{"count":1,"href":"https:\/\/fdp-aktiv.de\/blog\/wp-json\/wp\/v2\/posts\/5915\/revisions"}],"predecessor-version":[{"id":5916,"href":"https:\/\/fdp-aktiv.de\/blog\/wp-json\/wp\/v2\/posts\/5915\/revisions\/5916"}],"wp:attachment":[{"href":"https:\/\/fdp-aktiv.de\/blog\/wp-json\/wp\/v2\/media?parent=5915"}],"wp:term":[{"taxonomy":"category","embeddable":true,"href":"https:\/\/fdp-aktiv.de\/blog\/wp-json\/wp\/v2\/categories?post=5915"},{"taxonomy":"post_tag","embeddable":true,"href":"https:\/\/fdp-aktiv.de\/blog\/wp-json\/wp\/v2\/tags?post=5915"}],"curies":[{"name":"wp","href":"https:\/\/api.w.org\/{rel}","templated":true}]}}