{"id":5932,"date":"2022-06-28T22:52:13","date_gmt":"2022-06-28T20:52:13","guid":{"rendered":"https:\/\/fdp-aktiv.de\/blog\/?p=5932"},"modified":"2022-06-28T22:52:13","modified_gmt":"2022-06-28T20:52:13","slug":"thueringer-verkehrsbetriebe-befuerchten-verschlechterung-des-oepnv","status":"publish","type":"post","link":"https:\/\/fdp-aktiv.de\/blog\/2022\/06\/28\/thueringer-verkehrsbetriebe-befuerchten-verschlechterung-des-oepnv\/","title":{"rendered":"Th\u00fcringer Verkehrsbetriebe bef\u00fcrchten Verschlechterung des \u00d6PNV"},"content":{"rendered":"<div class=\"clearfix text-formatted field field--name-body field--type-text-with-summary field--label-hidden field__item\">\n<p><strong>Dirk Bergner: Landesregierung hat F\u00f6rderniveau massiv gesenkt \/ Ersatzbeschaffung von Stra\u00dfenbahnen ger\u00e4t in Gefahr<\/strong><\/p>\n<figure id=\"attachment_4231\" aria-describedby=\"caption-attachment-4231\" style=\"width: 790px\" class=\"wp-caption aligncenter\"><a href=\"https:\/\/fdp-aktiv.de\/blog\/wp-content\/uploads\/2022\/02\/717.jpg\"><img loading=\"lazy\" decoding=\"async\" class=\"size-full wp-image-4231\" src=\"https:\/\/fdp-aktiv.de\/blog\/wp-content\/uploads\/2022\/02\/717.jpg\" alt=\"\" width=\"790\" height=\"700\" srcset=\"https:\/\/fdp-aktiv.de\/blog\/wp-content\/uploads\/2022\/02\/717.jpg 790w, https:\/\/fdp-aktiv.de\/blog\/wp-content\/uploads\/2022\/02\/717-300x266.jpg 300w, https:\/\/fdp-aktiv.de\/blog\/wp-content\/uploads\/2022\/02\/717-768x681.jpg 768w\" sizes=\"auto, (max-width: 790px) 100vw, 790px\" \/><\/a><figcaption id=\"caption-attachment-4231\" class=\"wp-caption-text\">FDP-Fraktion, Dirk Bergner<\/figcaption><\/figure>\n<p>Die Th\u00fcringer Verkehrsbetriebe stehen vor enormen finanziellen Problemen, dringend erforderliche Ersatzbeschaffungen von Stra\u00dfenbahnen vorzunehmen. Daf\u00fcr bedarf es eines mehrj\u00e4hrigen Planungsvorlaufs. Unter anderem steht sowohl in Erfurt als auch bei der Th\u00fcringerwaldbahn die Bestellung von jeweils 10 Bahnen auf der Kippe. Das hat eine von der FDP im Th\u00fcringer Landtag initiierte Anh\u00f6rung best\u00e4tigt. Vor diesem Hintergrund fordern die Freien Demokraten die Landesregierung auf, die vor anderthalb Jahren erfolgte Absenkung der F\u00f6rderquote von 70 auf 50 Prozent zur\u00fcckzunehmen. Idealerweise sollte der F\u00f6rdersatz sogar auf mindestens 75 % steigen.<\/p>\n<p>\u201eEs reicht bei weitem nicht aus, immer nur \u00fcber die Wichtigkeit des \u00f6ffentlichen Nahverkehrs zu fabulieren; eine Landesregierung muss auch das in ihrer ureigenen Macht Stehende unternehmen\u201c, sagt Dirk Bergner, Infrastruktur-Experte der FDP. \u201eWas n\u00fctzt den B\u00fcrgern ein 9-Euro-Ticket, wenn die Stra\u00dfenbahn derart voll ist, dass man an der Haltstelle zur\u00fcckbleiben muss? Ohnehin ist f\u00fcr das Nutzen des \u00d6PNV nicht in erster Linie der Preis entscheidend, sondern die Verf\u00fcgbarkeit von Bus und Bahn. Die jetzigen F\u00f6rderbedingungen lassen jedoch keine Erweiterung des Angebots zu. Die Verkehrsbetriebe bef\u00fcrchten sogar eine Verschlechterung des Status Quo. Das Ziel, dauerhaft mehr Menschen als bisher zur Nutzung des \u00f6ffentlichen Nahverkehrs zu bewegen, zerplatzt wie eine Seifenblase. Ohne energische Unterst\u00fctzung des Freistaates ger\u00e4t die Verkehrswende massiv in Gefahr.\u201c<\/p>\n<p>Auf Antrag der FDP wertet der Infrastruktur-Ausschuss des Th\u00fcringer Landtags die Anh\u00f6rung an diesem Donnerstag aus.<\/p>\n<\/div>\n","protected":false},"excerpt":{"rendered":"<p>Dirk Bergner: Landesregierung hat F\u00f6rderniveau massiv gesenkt \/ Ersatzbeschaffung von Stra\u00dfenbahnen ger\u00e4t in Gefahr Die Th\u00fcringer Verkehrsbetriebe stehen vor enormen finanziellen Problemen, dringend erforderliche Ersatzbeschaffungen von Stra\u00dfenbahnen vorzunehmen. Daf\u00fcr bedarf [&#8230;]<\/p>\n","protected":false},"author":1,"featured_media":0,"comment_status":"open","ping_status":"closed","sticky":false,"template":"","format":"standard","meta":{"footnotes":""},"categories":[144],"tags":[446,669,1801],"class_list":["post-5932","post","type-post","status-publish","format-standard","hentry","category-verkehr-innenpolitik","tag-dirk-bergner","tag-fdp-thueringen","tag-oepnv"],"_links":{"self":[{"href":"https:\/\/fdp-aktiv.de\/blog\/wp-json\/wp\/v2\/posts\/5932","targetHints":{"allow":["GET"]}}],"collection":[{"href":"https:\/\/fdp-aktiv.de\/blog\/wp-json\/wp\/v2\/posts"}],"about":[{"href":"https:\/\/fdp-aktiv.de\/blog\/wp-json\/wp\/v2\/types\/post"}],"author":[{"embeddable":true,"href":"https:\/\/fdp-aktiv.de\/blog\/wp-json\/wp\/v2\/users\/1"}],"replies":[{"embeddable":true,"href":"https:\/\/fdp-aktiv.de\/blog\/wp-json\/wp\/v2\/comments?post=5932"}],"version-history":[{"count":1,"href":"https:\/\/fdp-aktiv.de\/blog\/wp-json\/wp\/v2\/posts\/5932\/revisions"}],"predecessor-version":[{"id":5933,"href":"https:\/\/fdp-aktiv.de\/blog\/wp-json\/wp\/v2\/posts\/5932\/revisions\/5933"}],"wp:attachment":[{"href":"https:\/\/fdp-aktiv.de\/blog\/wp-json\/wp\/v2\/media?parent=5932"}],"wp:term":[{"taxonomy":"category","embeddable":true,"href":"https:\/\/fdp-aktiv.de\/blog\/wp-json\/wp\/v2\/categories?post=5932"},{"taxonomy":"post_tag","embeddable":true,"href":"https:\/\/fdp-aktiv.de\/blog\/wp-json\/wp\/v2\/tags?post=5932"}],"curies":[{"name":"wp","href":"https:\/\/api.w.org\/{rel}","templated":true}]}}