{"id":5951,"date":"2022-06-30T09:35:31","date_gmt":"2022-06-30T07:35:31","guid":{"rendered":"https:\/\/fdp-aktiv.de\/blog\/?p=5951"},"modified":"2022-06-30T09:35:31","modified_gmt":"2022-06-30T07:35:31","slug":"niedersachsen-feuerwehren-besser-ausstatten-grossbraende-in-der-vegetation-verhindern","status":"publish","type":"post","link":"https:\/\/fdp-aktiv.de\/blog\/2022\/06\/30\/niedersachsen-feuerwehren-besser-ausstatten-grossbraende-in-der-vegetation-verhindern\/","title":{"rendered":"Niedersachsen: Feuerwehren besser ausstatten &#8211; Gro\u00dfbr\u00e4nde in der Vegetation verhindern"},"content":{"rendered":"<p>Der innenpolitische Sprecher der nieders\u00e4chsischen FDP-Landtagsfraktion, Marco Genthe, bem\u00e4ngelt die fehlende Vorbereitung in Niedersachsen auf die j\u00e4hrlich wiederkehrende Waldbrandsaison. \u201eZum Sommer eines jeden Jahres stellt das Innenministerium zu Recht fest, dass der Klimawandel unsere W\u00e4lder zunehmend austrocknen l\u00e4sst und die Gefahr von Vegetationsbr\u00e4nden steigt. Bereits seit dem Sommer 2019 befindet sich ein FDP-Antrag dazu ergebnislos in der Beratung, ein weiterer wurde gerade erst von der GroKo zur\u00fcckgewiesen. Dabei hat Niedersachsen mit 1,2 Millionen ha die drittgr\u00f6\u00dfte Waldfl\u00e4che im L\u00e4ndervergleich. Es ist dringend n\u00f6tig, unsere Feuerwehren so auszustatten, dass sie auch die sich versch\u00e4rfende Situation beherrschen k\u00f6nnen\u201c, so Genthe. Es reiche nicht aus, einzelne Projekte, wie das zur Erprobung von Waldbrandtankl\u00f6schfahrzeugen, durchzuf\u00fchren. Genthe: \u201eSowas ist zwar \u00f6ffentlichkeitswirksam, aber die lediglich vier Fahrzeuge werden keinen entscheidenden Einfluss bei der Bek\u00e4mpfung dieser Gefahren haben.<\/p>\n<figure id=\"attachment_5952\" aria-describedby=\"caption-attachment-5952\" style=\"width: 800px\" class=\"wp-caption aligncenter\"><a href=\"https:\/\/fdp-aktiv.de\/blog\/wp-content\/uploads\/2022\/06\/Feuerwehr.jpg\"><img loading=\"lazy\" decoding=\"async\" class=\"size-large wp-image-5952\" src=\"https:\/\/fdp-aktiv.de\/blog\/wp-content\/uploads\/2022\/06\/Feuerwehr-1024x682.jpg\" alt=\"\" width=\"800\" height=\"533\" srcset=\"https:\/\/fdp-aktiv.de\/blog\/wp-content\/uploads\/2022\/06\/Feuerwehr-1024x682.jpg 1024w, https:\/\/fdp-aktiv.de\/blog\/wp-content\/uploads\/2022\/06\/Feuerwehr-300x200.jpg 300w, https:\/\/fdp-aktiv.de\/blog\/wp-content\/uploads\/2022\/06\/Feuerwehr-768x512.jpg 768w, https:\/\/fdp-aktiv.de\/blog\/wp-content\/uploads\/2022\/06\/Feuerwehr.jpg 1280w\" sizes=\"auto, (max-width: 800px) 100vw, 800px\" \/><\/a><figcaption id=\"caption-attachment-5952\" class=\"wp-caption-text\">Bild von <a href=\"https:\/\/pixabay.com\/de\/users\/alexas_fotos-686414\/?utm_source=link-attribution&amp;utm_medium=referral&amp;utm_campaign=image&amp;utm_content=6961339\">Alexas_Fotos<\/a> auf <a href=\"https:\/\/pixabay.com\/de\/?utm_source=link-attribution&amp;utm_medium=referral&amp;utm_campaign=image&amp;utm_content=6961339\">Pixabay<\/a><\/figcaption><\/figure>\n<p>Die Interschutz habe in der vergangenen Woche die neueste Technik im Bereich der Brandbek\u00e4mpfung pr\u00e4sentiert. Dort sei mehr als deutlich geworden, wie gro\u00df die Defizite in Niedersachsen mittlerweile sind. \u201eUnsere vor allem ehrenamtlich organisierten Feuerwehren leisten wertvolle Arbeit &#8211; und sie haben jede Unterst\u00fctzung und Wertsch\u00e4tzung verdient. Dieses Ehrenamt m\u00fcssen wir st\u00e4rken, vor allem auch um motivierte und leistungsf\u00e4hige Nachwuchskr\u00e4fte gewinnen zu k\u00f6nnen. Dies kann beispielsweise durch den Einsatz von Robotik, k\u00fcnstlicher Intelligenz und Digitalisierung gelingen. In diesen Bereichen brauchen wir bei der Feuerwehr kontinuierliche Trainings und Fortbildungen. Nicht zuletzt muss die NABK eine der modernsten Ausbildungsst\u00e4tten in Europa werden, an der wir die Feuerwehrleute beispielsweise an Drohnen zur Erkundung und zur Nachschau von Brandfl\u00e4chen ausbilden, Lehrg\u00e4nge f\u00fcr den Betrieb von L\u00f6schrobotern, modernen Waldbrandl\u00f6schfahrzeugen und digitalen Kommunikationsmitteln anbieten, oder auch die Brandbek\u00e4mpfung aus der Luft zum Schwerpunkt machen.\u201c Niedersachsen k\u00f6nne sich die bisherige Arbeitsgeschwindigkeit der gro\u00dfen Koalition in diesem Bereich nicht weiter leisten. \u201eWir m\u00fcssen sehr viel schneller werden, bevor es zu einem verheerenden Gro\u00dfbrand in der nieders\u00e4chsischen Vegetation kommt. Aber daf\u00fcr bedarf es offenbar einer neuen Landesregierung, die mehr tut, als unbedingt n\u00f6tig\u201c, bilanziert Genthe<\/p>\n<p><em><strong>Hintergrund<\/strong>: Der Nieders\u00e4chsische Landtag debattierte heute \u00fcber die Waldbrandbek\u00e4mpfung in Niedersachsen.<\/em><\/p>\n","protected":false},"excerpt":{"rendered":"<p>Der innenpolitische Sprecher der nieders\u00e4chsischen FDP-Landtagsfraktion, Marco Genthe, bem\u00e4ngelt die fehlende Vorbereitung in Niedersachsen auf die j\u00e4hrlich wiederkehrende Waldbrandsaison. \u201eZum Sommer eines jeden Jahres stellt das Innenministerium zu Recht fest, [&#8230;]<\/p>\n","protected":false},"author":1,"featured_media":0,"comment_status":"open","ping_status":"closed","sticky":false,"template":"","format":"standard","meta":{"footnotes":""},"categories":[536],"tags":[2461,638,1365,1429],"class_list":["post-5951","post","type-post","status-publish","format-standard","hentry","category-sicherheit","tag-ausstattung","tag-fdp-nds","tag-feuerwehr","tag-marco-genthe"],"_links":{"self":[{"href":"https:\/\/fdp-aktiv.de\/blog\/wp-json\/wp\/v2\/posts\/5951","targetHints":{"allow":["GET"]}}],"collection":[{"href":"https:\/\/fdp-aktiv.de\/blog\/wp-json\/wp\/v2\/posts"}],"about":[{"href":"https:\/\/fdp-aktiv.de\/blog\/wp-json\/wp\/v2\/types\/post"}],"author":[{"embeddable":true,"href":"https:\/\/fdp-aktiv.de\/blog\/wp-json\/wp\/v2\/users\/1"}],"replies":[{"embeddable":true,"href":"https:\/\/fdp-aktiv.de\/blog\/wp-json\/wp\/v2\/comments?post=5951"}],"version-history":[{"count":1,"href":"https:\/\/fdp-aktiv.de\/blog\/wp-json\/wp\/v2\/posts\/5951\/revisions"}],"predecessor-version":[{"id":5953,"href":"https:\/\/fdp-aktiv.de\/blog\/wp-json\/wp\/v2\/posts\/5951\/revisions\/5953"}],"wp:attachment":[{"href":"https:\/\/fdp-aktiv.de\/blog\/wp-json\/wp\/v2\/media?parent=5951"}],"wp:term":[{"taxonomy":"category","embeddable":true,"href":"https:\/\/fdp-aktiv.de\/blog\/wp-json\/wp\/v2\/categories?post=5951"},{"taxonomy":"post_tag","embeddable":true,"href":"https:\/\/fdp-aktiv.de\/blog\/wp-json\/wp\/v2\/tags?post=5951"}],"curies":[{"name":"wp","href":"https:\/\/api.w.org\/{rel}","templated":true}]}}