{"id":5971,"date":"2022-06-30T17:36:03","date_gmt":"2022-06-30T15:36:03","guid":{"rendered":"https:\/\/fdp-aktiv.de\/blog\/?p=5971"},"modified":"2022-06-30T17:36:03","modified_gmt":"2022-06-30T15:36:03","slug":"baden-wuerttemberg-ruelke-kretschmanns-tempolimit-traeume-voellig-irrational","status":"publish","type":"post","link":"https:\/\/fdp-aktiv.de\/blog\/2022\/06\/30\/baden-wuerttemberg-ruelke-kretschmanns-tempolimit-traeume-voellig-irrational\/","title":{"rendered":"Baden-W\u00fcrttemberg &#8211; R\u00fclke: Kretschmanns Tempolimit-Tr\u00e4ume v\u00f6llig irrational"},"content":{"rendered":"<p>Lust an Reglementierung spart kein Gas<\/p>\n<p>Zur Meldung, wonach sich Ministerpr\u00e4sident Kretschmann angesichts der drohenden Energiekrise und der hohen Kosten f\u00fcr Sprit f\u00fcr ein zweij\u00e4hriges allgemeines Tempolimit auf Autobahnen ausgesprochen habe, sagt der Vorsitzende der FDP-DVP-Fraktion, <strong>Dr. Hans-Ulrich R\u00fclke:<\/strong><\/p>\n<figure id=\"attachment_4320\" aria-describedby=\"caption-attachment-4320\" style=\"width: 800px\" class=\"wp-caption aligncenter\"><a href=\"https:\/\/fdp-aktiv.de\/blog\/wp-content\/uploads\/2022\/02\/190226_fdp_ruelke_1905_final-e1582883132901.jpg\"><img loading=\"lazy\" decoding=\"async\" class=\"size-large wp-image-4320\" src=\"https:\/\/fdp-aktiv.de\/blog\/wp-content\/uploads\/2022\/02\/190226_fdp_ruelke_1905_final-e1582883132901-1024x1024.jpg\" alt=\"\" width=\"800\" height=\"800\" srcset=\"https:\/\/fdp-aktiv.de\/blog\/wp-content\/uploads\/2022\/02\/190226_fdp_ruelke_1905_final-e1582883132901-1024x1024.jpg 1024w, https:\/\/fdp-aktiv.de\/blog\/wp-content\/uploads\/2022\/02\/190226_fdp_ruelke_1905_final-e1582883132901-300x300.jpg 300w, https:\/\/fdp-aktiv.de\/blog\/wp-content\/uploads\/2022\/02\/190226_fdp_ruelke_1905_final-e1582883132901-150x150.jpg 150w, https:\/\/fdp-aktiv.de\/blog\/wp-content\/uploads\/2022\/02\/190226_fdp_ruelke_1905_final-e1582883132901-768x768.jpg 768w, https:\/\/fdp-aktiv.de\/blog\/wp-content\/uploads\/2022\/02\/190226_fdp_ruelke_1905_final-e1582883132901-400x400.jpg 400w, https:\/\/fdp-aktiv.de\/blog\/wp-content\/uploads\/2022\/02\/190226_fdp_ruelke_1905_final-e1582883132901.jpg 1105w\" sizes=\"auto, (max-width: 800px) 100vw, 800px\" \/><\/a><figcaption id=\"caption-attachment-4320\" class=\"wp-caption-text\">Dr. Hans-Ulrich R\u00fclke<\/figcaption><\/figure>\n<p>\u201eDie Forderung von Kretschmann nach einem Tempolimit auf Autobahnen wegen einer drohenden Energiekrise und hohen Benzinpreisen ist v\u00f6llig irrational. Wir haben ein Problem im Gas-Bereich. Hier w\u00e4re es weitaus sinnvoller, die vorhandenen Kernkraftwerke l\u00e4nger laufen zu lassen, denn Strom aus Gaskraftwerken kann durch Strom aus Kernenergie substituiert werden. Das spart direkt Gas in den entsprechenden anderen Kraftwerken.<\/p>\n<p>&nbsp;<\/p>\n<p>Offenbar will Kretschmann seinem gr\u00fcnen Verkehrsminister beispringen, der gestern eine Charta gegen die Autofahrer vorgelegt hat. Kretschmann philosophiert dar\u00fcber, dass die Gr\u00fcnen jede Woche \u00fcber irgendwelche ideologischen Schatten spr\u00e4ngen. Die Gr\u00fcnen schaden mit Ihrem Verhalten der Regierungskoalition auf Bundesebene immer wieder massiv: Im Koalitionsvertrag haben die Gr\u00fcnen unterschrieben, dass es kein Tempolimit geben soll, und nun kommen sie jeden zweiten Tag mit diesem Ladenh\u00fcter um die Ecke. Verl\u00e4sslichkeit sieht anders aus.\u201c<\/p>\n<p>&nbsp;<\/p>\n","protected":false},"excerpt":{"rendered":"<p>Lust an Reglementierung spart kein Gas Zur Meldung, wonach sich Ministerpr\u00e4sident Kretschmann angesichts der drohenden Energiekrise und der hohen Kosten f\u00fcr Sprit f\u00fcr ein zweij\u00e4hriges allgemeines Tempolimit auf Autobahnen ausgesprochen [&#8230;]<\/p>\n","protected":false},"author":1,"featured_media":0,"comment_status":"open","ping_status":"closed","sticky":false,"template":"","format":"standard","meta":{"footnotes":""},"categories":[144],"tags":[842,650,2306],"class_list":["post-5971","post","type-post","status-publish","format-standard","hentry","category-verkehr-innenpolitik","tag-dr-hans-ulrich-ruelke","tag-fdp-dvp","tag-tempolimit"],"_links":{"self":[{"href":"https:\/\/fdp-aktiv.de\/blog\/wp-json\/wp\/v2\/posts\/5971","targetHints":{"allow":["GET"]}}],"collection":[{"href":"https:\/\/fdp-aktiv.de\/blog\/wp-json\/wp\/v2\/posts"}],"about":[{"href":"https:\/\/fdp-aktiv.de\/blog\/wp-json\/wp\/v2\/types\/post"}],"author":[{"embeddable":true,"href":"https:\/\/fdp-aktiv.de\/blog\/wp-json\/wp\/v2\/users\/1"}],"replies":[{"embeddable":true,"href":"https:\/\/fdp-aktiv.de\/blog\/wp-json\/wp\/v2\/comments?post=5971"}],"version-history":[{"count":1,"href":"https:\/\/fdp-aktiv.de\/blog\/wp-json\/wp\/v2\/posts\/5971\/revisions"}],"predecessor-version":[{"id":5972,"href":"https:\/\/fdp-aktiv.de\/blog\/wp-json\/wp\/v2\/posts\/5971\/revisions\/5972"}],"wp:attachment":[{"href":"https:\/\/fdp-aktiv.de\/blog\/wp-json\/wp\/v2\/media?parent=5971"}],"wp:term":[{"taxonomy":"category","embeddable":true,"href":"https:\/\/fdp-aktiv.de\/blog\/wp-json\/wp\/v2\/categories?post=5971"},{"taxonomy":"post_tag","embeddable":true,"href":"https:\/\/fdp-aktiv.de\/blog\/wp-json\/wp\/v2\/tags?post=5971"}],"curies":[{"name":"wp","href":"https:\/\/api.w.org\/{rel}","templated":true}]}}