{"id":5992,"date":"2022-07-01T18:12:09","date_gmt":"2022-07-01T16:12:09","guid":{"rendered":"https:\/\/fdp-aktiv.de\/blog\/?p=5992"},"modified":"2022-09-14T21:11:46","modified_gmt":"2022-09-14T19:11:46","slug":"meyer-bundeshaushalt-2023-steht-unter-zeichen-der-finanzpolitischen-wende","status":"publish","type":"post","link":"https:\/\/fdp-aktiv.de\/blog\/2022\/07\/01\/meyer-bundeshaushalt-2023-steht-unter-zeichen-der-finanzpolitischen-wende\/","title":{"rendered":"MEYER: Bundeshaushalt 2023 steht unter Zeichen der finanzpolitischen Wende"},"content":{"rendered":"<div class=\"clearfix text-formatted field field--name-body field--type-text-with-summary field--label-hidden field__item\">\n<p>Zur Vorstellung des Bundeshaushalts 2023 erkl\u00e4rt der stellvertretende FDP-Fraktionsvorsitzende Christoph Meyer:<\/p>\n<figure id=\"attachment_5508\" aria-describedby=\"caption-attachment-5508\" style=\"width: 975px\" class=\"wp-caption aligncenter\"><a href=\"https:\/\/fdp-aktiv.de\/blog\/wp-content\/uploads\/2022\/05\/christoph_meyer_fdp_foto-wahlplakat_2021.jpg\"><img loading=\"lazy\" decoding=\"async\" class=\"size-full wp-image-5508\" src=\"https:\/\/fdp-aktiv.de\/blog\/wp-content\/uploads\/2022\/05\/christoph_meyer_fdp_foto-wahlplakat_2021.jpg\" alt=\"Christoph Meyer\" width=\"975\" height=\"600\" srcset=\"https:\/\/fdp-aktiv.de\/blog\/wp-content\/uploads\/2022\/05\/christoph_meyer_fdp_foto-wahlplakat_2021.jpg 975w, https:\/\/fdp-aktiv.de\/blog\/wp-content\/uploads\/2022\/05\/christoph_meyer_fdp_foto-wahlplakat_2021-300x185.jpg 300w, https:\/\/fdp-aktiv.de\/blog\/wp-content\/uploads\/2022\/05\/christoph_meyer_fdp_foto-wahlplakat_2021-768x473.jpg 768w\" sizes=\"auto, (max-width: 975px) 100vw, 975px\" \/><\/a><figcaption id=\"caption-attachment-5508\" class=\"wp-caption-text\">Christoph Meyer<\/figcaption><\/figure>\n<p>\u201eDer Regierungsentwurf des Bundeshaushalts 2023 steht unter dem Zeichen der finanzpolitischen Zeitenwende. Bundesfinanzminister Lindner ist es trotz enormer Herausforderungen gelungen, die Schuldenbremse einzuhalten und auf den Pfad der soliden Haushaltsf\u00fchrung zur\u00fcckzukehren. Gleichzeitig wurde f\u00fcr eine negative konjunkturelle Entwicklung, f\u00fcr nicht vorhersehbare notwendige Mehrausgaben und n\u00e4chste Entlastungsschritte Vorsorge getroffen. Wir wollen die Menschen im n\u00e4chsten Jahr weiter entlasten. Deshalb wollen wir den finanziellen Spielraum f\u00fcr den Abbau der kalten Progression nutzen. Mit dieser strukturellen Entlastung haben die Menschen mehr Netto. Die Zeit der billigen Schulden ist nun vorbei. Trotzdem plant der Haushaltsentwurf mit 58,4 Mrd. Euro Investitionen weit mehr Mittel als die Vorg\u00e4ngerregierungen f\u00fcr die Zukunft ein. Mit dem Einhalten der Schuldenbremse ab 2023 kommen wir unserer verfassungsgem\u00e4\u00dfen Pflicht nach und bek\u00e4mpfen gleichzeitig die Inflation. Ab 2023 m\u00fcssen wir mit bis zu 30 Mrd. Euro Zinskosten pro Jahr rechnen. Das schr\u00e4nkt Spielr\u00e4ume ein und verdeutlicht die Notwendigkeit, Priorit\u00e4ten zu setzen und den Kernhaushalt zu konsolidieren.\u201c<\/p>\n<\/div>\n","protected":false},"excerpt":{"rendered":"<p>Zur Vorstellung des Bundeshaushalts 2023 erkl\u00e4rt der stellvertretende FDP-Fraktionsvorsitzende Christoph Meyer: \u201eDer Regierungsentwurf des Bundeshaushalts 2023 steht unter dem Zeichen der finanzpolitischen Zeitenwende. Bundesfinanzminister Lindner ist es trotz enormer Herausforderungen [&#8230;]<\/p>\n","protected":false},"author":1,"featured_media":0,"comment_status":"open","ping_status":"closed","sticky":false,"template":"","format":"standard","meta":{"footnotes":""},"categories":[55],"tags":[2471,1851,2322],"class_list":["post-5992","post","type-post","status-publish","format-standard","hentry","category-finanzen","tag-2471","tag-bundeshaushalt","tag-christoph-meyer"],"_links":{"self":[{"href":"https:\/\/fdp-aktiv.de\/blog\/wp-json\/wp\/v2\/posts\/5992","targetHints":{"allow":["GET"]}}],"collection":[{"href":"https:\/\/fdp-aktiv.de\/blog\/wp-json\/wp\/v2\/posts"}],"about":[{"href":"https:\/\/fdp-aktiv.de\/blog\/wp-json\/wp\/v2\/types\/post"}],"author":[{"embeddable":true,"href":"https:\/\/fdp-aktiv.de\/blog\/wp-json\/wp\/v2\/users\/1"}],"replies":[{"embeddable":true,"href":"https:\/\/fdp-aktiv.de\/blog\/wp-json\/wp\/v2\/comments?post=5992"}],"version-history":[{"count":1,"href":"https:\/\/fdp-aktiv.de\/blog\/wp-json\/wp\/v2\/posts\/5992\/revisions"}],"predecessor-version":[{"id":5993,"href":"https:\/\/fdp-aktiv.de\/blog\/wp-json\/wp\/v2\/posts\/5992\/revisions\/5993"}],"wp:attachment":[{"href":"https:\/\/fdp-aktiv.de\/blog\/wp-json\/wp\/v2\/media?parent=5992"}],"wp:term":[{"taxonomy":"category","embeddable":true,"href":"https:\/\/fdp-aktiv.de\/blog\/wp-json\/wp\/v2\/categories?post=5992"},{"taxonomy":"post_tag","embeddable":true,"href":"https:\/\/fdp-aktiv.de\/blog\/wp-json\/wp\/v2\/tags?post=5992"}],"curies":[{"name":"wp","href":"https:\/\/api.w.org\/{rel}","templated":true}]}}