{"id":5996,"date":"2022-07-01T18:16:29","date_gmt":"2022-07-01T16:16:29","guid":{"rendered":"https:\/\/fdp-aktiv.de\/blog\/?p=5996"},"modified":"2022-07-01T18:16:29","modified_gmt":"2022-07-01T16:16:29","slug":"stefan-birkner-katastrophen-und-zivilschutz-nachhaltig-staerken-aufklaerungsarbeit-in-schulen-ermoeglichen","status":"publish","type":"post","link":"https:\/\/fdp-aktiv.de\/blog\/2022\/07\/01\/stefan-birkner-katastrophen-und-zivilschutz-nachhaltig-staerken-aufklaerungsarbeit-in-schulen-ermoeglichen\/","title":{"rendered":"Stefan Birkner: Katastrophen- und Zivilschutz nachhaltig st\u00e4rken &#8211; Aufkl\u00e4rungsarbeit in Schulen erm\u00f6glichen"},"content":{"rendered":"<p>Der Vorsitzende der nieders\u00e4chsischen FDP-Landtagsfraktion, Stefan Birkner, wirft der Landesregierung vor, den Katastrophen- und Zivilschutz viel zu lange vernachl\u00e4ssigt zu haben. Dabei habe der \u00dcberfall Russlands auf die Ukraine eindringlich und erschreckend verdeutlicht, dass zwischenstaatliche Gewalt zur Durchsetzung nationaler Interessen auch in Europa zur bitteren und brutalen Realit\u00e4t geh\u00f6rt. \u201eViel zu lange und nur allzu gerne wollten wir glauben, dass der Frieden in Europa ewig w\u00e4hrt. Dieser Friedensglaube stellte sich nun als Irrglaube dar. Unsere Gesellschaft muss nun den Ernst der Lage erkennen und sich den realen Bedrohungs- und Gefahrenlagen stellen. Daf\u00fcr ben\u00f6tigen wir eine umfassende Modernisierung des Katastrophen- und Zivilschutzes, der aus unserer Sicht im Kopf beginnen muss\u201c, fordert Birkner.<\/p>\n<figure id=\"attachment_1399\" aria-describedby=\"caption-attachment-1399\" style=\"width: 750px\" class=\"wp-caption aligncenter\"><a href=\"https:\/\/fdp-aktiv.de\/blog\/wp-content\/uploads\/2021\/05\/Birkner_750x422_1-603.png\"><img loading=\"lazy\" decoding=\"async\" class=\"size-full wp-image-1399\" src=\"https:\/\/fdp-aktiv.de\/blog\/wp-content\/uploads\/2021\/05\/Birkner_750x422_1-603.png\" alt=\"Stefan Birkner Fraktionsvorsitzender\" width=\"750\" height=\"422\" srcset=\"https:\/\/fdp-aktiv.de\/blog\/wp-content\/uploads\/2021\/05\/Birkner_750x422_1-603.png 750w, https:\/\/fdp-aktiv.de\/blog\/wp-content\/uploads\/2021\/05\/Birkner_750x422_1-603-300x169.png 300w\" sizes=\"auto, (max-width: 750px) 100vw, 750px\" \/><\/a><figcaption id=\"caption-attachment-1399\" class=\"wp-caption-text\">Stefan Birkner<br \/>Fraktionsvorsitzender<\/figcaption><\/figure>\n<p>Vor dem russischen Angriff auf die Ukraine habe es kaum ein Bewusstsein f\u00fcr die Gefahren- und Bedrohungslage in der Bev\u00f6lkerung gegeben. Vor diesem Hintergrund pl\u00e4diert Birkner f\u00fcr eine deutlich intensivere Einbeziehung der Bev\u00f6lkerung, etwa durch regelm\u00e4\u00dfige \u00f6ffentliche Katastrophen- und Zivilschutz\u00fcbungen. Au\u00dferdem m\u00fcssen das Verst\u00e4ndnis f\u00fcr die Gefahren- und Bedrohungslage ebenso wie Verst\u00e4ndnis und Akzeptanz f\u00fcr die T\u00e4tigkeit von Bundeswehr, Polizei und Hilfsorganisationen in der Bev\u00f6lkerung gesteigert werden. Der Fraktionsvorsitzende der Liberalen stellt klar: \u201eDen Beitrag, den die Angeh\u00f6rigen von Bundeswehr und Hilfsorganisationen f\u00fcr unsere Gesellschaft leisten, ist nicht hoch genug einzusch\u00e4tzen. Sie sind die Verteidigerinnen und Verteidiger unserer Demokratie und m\u00fcssen von unserer Gesellschaft auch entsprechend gewertsch\u00e4tzt werden. Wichtig ist es deshalb, m\u00f6glichst fr\u00fch f\u00fcr den Nutzen von Bundeswehr und Hilfsorganisationen zu sensibilisieren \u2013 angefangen bei den J\u00fcngsten. Wie in Mecklenburg-Vorpommern ben\u00f6tigen wir auch in Niedersachsen eine Vereinbarung zwischen Land und Bundeswehr, um Uniformtr\u00e4gerinnen und Uniformtr\u00e4gern die Aufkl\u00e4rungsarbeit auch in unseren Schulen zu erm\u00f6glichen. Die Skepsis gegen\u00fcber der Bundeswehr muss der Vergangenheit angeh\u00f6ren. Wenn wir eine wehrhafte Gesellschaft haben wollen, brauchen wir auch eine wehrhafte Bev\u00f6lkerung. Fangen wir also mit Aufkl\u00e4rung und Bildung an.\u201c<\/p>\n<p><em><strong>Hintergrund: <\/strong>Der Nieders\u00e4chsische Landtag debattierte heute den Antrag der FDP-Fraktion \u201e<a href=\"https:\/\/www.landtag-niedersachsen.de\/Drucksachen\/Drucksachen%5F18%5F12500\/11001-11500\/18-11406.pdf\">Katastrophen- und Zivilschutz nachhaltig st\u00e4rken &#8211; Aufkl\u00e4rungsarbeit in Schulen erm\u00f6glichen<\/a>.\u201c<\/em><\/p>\n<p>&nbsp;<\/p>\n","protected":false},"excerpt":{"rendered":"<p>Der Vorsitzende der nieders\u00e4chsischen FDP-Landtagsfraktion, Stefan Birkner, wirft der Landesregierung vor, den Katastrophen- und Zivilschutz viel zu lange vernachl\u00e4ssigt zu haben. Dabei habe der \u00dcberfall Russlands auf die Ukraine eindringlich [&#8230;]<\/p>\n","protected":false},"author":1,"featured_media":0,"comment_status":"open","ping_status":"closed","sticky":false,"template":"","format":"standard","meta":{"footnotes":""},"categories":[34,536,249],"tags":[638,1222,913,2473],"class_list":["post-5996","post","type-post","status-publish","format-standard","hentry","category-bildung","category-sicherheit","category-umwelt","tag-fdp-nds","tag-katastrophenschutz","tag-stefan-birkner","tag-zivilschutz"],"_links":{"self":[{"href":"https:\/\/fdp-aktiv.de\/blog\/wp-json\/wp\/v2\/posts\/5996","targetHints":{"allow":["GET"]}}],"collection":[{"href":"https:\/\/fdp-aktiv.de\/blog\/wp-json\/wp\/v2\/posts"}],"about":[{"href":"https:\/\/fdp-aktiv.de\/blog\/wp-json\/wp\/v2\/types\/post"}],"author":[{"embeddable":true,"href":"https:\/\/fdp-aktiv.de\/blog\/wp-json\/wp\/v2\/users\/1"}],"replies":[{"embeddable":true,"href":"https:\/\/fdp-aktiv.de\/blog\/wp-json\/wp\/v2\/comments?post=5996"}],"version-history":[{"count":1,"href":"https:\/\/fdp-aktiv.de\/blog\/wp-json\/wp\/v2\/posts\/5996\/revisions"}],"predecessor-version":[{"id":5997,"href":"https:\/\/fdp-aktiv.de\/blog\/wp-json\/wp\/v2\/posts\/5996\/revisions\/5997"}],"wp:attachment":[{"href":"https:\/\/fdp-aktiv.de\/blog\/wp-json\/wp\/v2\/media?parent=5996"}],"wp:term":[{"taxonomy":"category","embeddable":true,"href":"https:\/\/fdp-aktiv.de\/blog\/wp-json\/wp\/v2\/categories?post=5996"},{"taxonomy":"post_tag","embeddable":true,"href":"https:\/\/fdp-aktiv.de\/blog\/wp-json\/wp\/v2\/tags?post=5996"}],"curies":[{"name":"wp","href":"https:\/\/api.w.org\/{rel}","templated":true}]}}