{"id":6009,"date":"2022-07-01T18:29:46","date_gmt":"2022-07-01T16:29:46","guid":{"rendered":"https:\/\/fdp-aktiv.de\/blog\/?p=6009"},"modified":"2022-07-01T18:29:46","modified_gmt":"2022-07-01T16:29:46","slug":"thueringen-muss-tausende-fachkraefte-fuer-energiewende-gewinnen","status":"publish","type":"post","link":"https:\/\/fdp-aktiv.de\/blog\/2022\/07\/01\/thueringen-muss-tausende-fachkraefte-fuer-energiewende-gewinnen\/","title":{"rendered":"Th\u00fcringen muss Tausende Fachkr\u00e4fte f\u00fcr Energiewende gewinnen"},"content":{"rendered":"<div class=\"clearfix text-formatted field field--name-body field--type-text-with-summary field--label-hidden field__item\">\n<p><strong>Thomas L. Kemmerich fordert die Landesregierung auf, die berufliche Ausbildung zu st\u00e4rken<\/strong><\/p>\n<figure id=\"attachment_1115\" aria-describedby=\"caption-attachment-1115\" style=\"width: 790px\" class=\"wp-caption aligncenter\"><a href=\"https:\/\/fdp-aktiv.de\/blog\/wp-content\/uploads\/2021\/04\/Thoms-Kemmerich.jpg\"><img loading=\"lazy\" decoding=\"async\" class=\"size-full wp-image-1115\" src=\"https:\/\/fdp-aktiv.de\/blog\/wp-content\/uploads\/2021\/04\/Thoms-Kemmerich.jpg\" alt=\"Thomas L. Kemmerich\" width=\"790\" height=\"700\" srcset=\"https:\/\/fdp-aktiv.de\/blog\/wp-content\/uploads\/2021\/04\/Thoms-Kemmerich.jpg 790w, https:\/\/fdp-aktiv.de\/blog\/wp-content\/uploads\/2021\/04\/Thoms-Kemmerich-300x266.jpg 300w, https:\/\/fdp-aktiv.de\/blog\/wp-content\/uploads\/2021\/04\/Thoms-Kemmerich-768x681.jpg 768w\" sizes=\"auto, (max-width: 790px) 100vw, 790px\" \/><\/a><figcaption id=\"caption-attachment-1115\" class=\"wp-caption-text\">Thomas L. Kemmerich<\/figcaption><\/figure>\n<p>F\u00fcr das Gelingen der Energiewende ist es dringend erforderlich, Tausende neue Fachkr\u00e4fte zu gewinnen. Die FDP im Th\u00fcringer Landtag fordert die Landesregierung auf, eine langfristige Kampagne zu initiieren, um junge Menschen verst\u00e4rkt f\u00fcr Ausbildungsberufe zu begeistern.<\/p>\n<p>\u201eUnser Land braucht dringend W\u00e4rmepumpenbauer, Servicetechniker f\u00fcr Windenergieanlagen, Monteure f\u00fcr Solaranlagen, Klimatechniker und Klempner. Alles in allem sind derzeit rund 6600 Ausbildungspl\u00e4tze in Th\u00fcringen frei\u201c, sagt Thomas L. Kemmerich, Sprecher der Freien Demokraten im Landtag. \u201eDas Interesse der jungen Menschen an Umwelt und Klima ist enorm. Das zeigen insbesondere die vielen Jugendlichen, die sich bei Fridays for Future engagieren. Hier sollte die Landesregierung mit einer Kampagne ankn\u00fcpfen. Wer sich so engagiert f\u00fcrs Klima einsetzt, den kann man sicher auch daf\u00fcr begeistern, als Fachkraft die Energiewende voranzubringen. Diese handwerklichen Berufe haben nicht nur Zukunft, sie schaffen Zukunft.\u201c<\/p>\n<p>Allerdings ist es mit einer Werbekampagne allein nicht getan. Es bedarf vielmehr eines ganzheitlichen Konzepts, das von der praxisnahen Berufsorientierung bis hin zur betriebs- und wohnortnahen berufsschulischen Ausbildung reicht. Unter anderem schlagen die FDP-Parlamentarier verpflichtende Unternehmertage in Schulen mit lokalen Handwerkern und Unternehmern vor. F\u00fcr die Organisation dieser Unternehmertage bietet es sich an, mit IHKs, Handwerkskammern und Innungen zusammenzuarbeiten.<\/p>\n<p>\u201eWir Freie Demokraten sehen akademische und berufliche Bildung als gleichwertig an\u201c, so Thomas L. Kemmerich. \u201eEin Meister ist uns so viel wert wie ein Master.\u201c<\/p>\n<\/div>\n","protected":false},"excerpt":{"rendered":"<p>Thomas L. Kemmerich fordert die Landesregierung auf, die berufliche Ausbildung zu st\u00e4rken F\u00fcr das Gelingen der Energiewende ist es dringend erforderlich, Tausende neue Fachkr\u00e4fte zu gewinnen. Die FDP im Th\u00fcringer [&#8230;]<\/p>\n","protected":false},"author":1,"featured_media":0,"comment_status":"open","ping_status":"closed","sticky":false,"template":"","format":"standard","meta":{"footnotes":""},"categories":[1979],"tags":[2476,2477,1810,669,271],"class_list":["post-6009","post","type-post","status-publish","format-standard","hentry","category-energie","tag-enegiewende","tag-fachkraefte","tag-fachkraeftemangel","tag-fdp-thueringen","tag-thomas-kemmerich"],"_links":{"self":[{"href":"https:\/\/fdp-aktiv.de\/blog\/wp-json\/wp\/v2\/posts\/6009","targetHints":{"allow":["GET"]}}],"collection":[{"href":"https:\/\/fdp-aktiv.de\/blog\/wp-json\/wp\/v2\/posts"}],"about":[{"href":"https:\/\/fdp-aktiv.de\/blog\/wp-json\/wp\/v2\/types\/post"}],"author":[{"embeddable":true,"href":"https:\/\/fdp-aktiv.de\/blog\/wp-json\/wp\/v2\/users\/1"}],"replies":[{"embeddable":true,"href":"https:\/\/fdp-aktiv.de\/blog\/wp-json\/wp\/v2\/comments?post=6009"}],"version-history":[{"count":1,"href":"https:\/\/fdp-aktiv.de\/blog\/wp-json\/wp\/v2\/posts\/6009\/revisions"}],"predecessor-version":[{"id":6010,"href":"https:\/\/fdp-aktiv.de\/blog\/wp-json\/wp\/v2\/posts\/6009\/revisions\/6010"}],"wp:attachment":[{"href":"https:\/\/fdp-aktiv.de\/blog\/wp-json\/wp\/v2\/media?parent=6009"}],"wp:term":[{"taxonomy":"category","embeddable":true,"href":"https:\/\/fdp-aktiv.de\/blog\/wp-json\/wp\/v2\/categories?post=6009"},{"taxonomy":"post_tag","embeddable":true,"href":"https:\/\/fdp-aktiv.de\/blog\/wp-json\/wp\/v2\/tags?post=6009"}],"curies":[{"name":"wp","href":"https:\/\/api.w.org\/{rel}","templated":true}]}}