{"id":604,"date":"2021-02-27T04:45:37","date_gmt":"2021-02-27T03:45:37","guid":{"rendered":"https:\/\/fdp-aktiv.de\/blog\/?p=604"},"modified":"2021-02-27T04:45:37","modified_gmt":"2021-02-27T03:45:37","slug":"fdp-verlangt-von-altmaier-vorschlaege-fuer-oeffnungen","status":"publish","type":"post","link":"https:\/\/fdp-aktiv.de\/blog\/2021\/02\/27\/fdp-verlangt-von-altmaier-vorschlaege-fuer-oeffnungen\/","title":{"rendered":"FDP verlangt von Altmaier Vorschl\u00e4ge f\u00fcr \u00d6ffnungen"},"content":{"rendered":"<p>Berlin (dts) \u2013 Der Vizechef der FDP-Bundestagsfraktion, Michael Theurer, hat mit Blick auf die n\u00e4chsten Corona-Beratungen von Bund und L\u00e4ndern von Bundeswirtschaftsminister Peter Altmaier (CDU) ein \u00d6ffnungskonzept f\u00fcr die Wirtschaft gefordert. \u201cAnk\u00fcndigungsminister Altmaier steht den 40 Wirtschaftsverb\u00e4nden und der Wirtschaft insgesamt gegen\u00fcber im Wort und muss konkrete Vorschl\u00e4ge f\u00fcr das Treffen in der kommenden Woche vorlegen und durchsetzen\u201d, sagte der Liberale dem \u201cHandelsblatt\u201d (Montagausgabe).<\/p>\n<p>\u201cSein Versagen bei den Coronahilfen und sein Spielen auf Zeit vernichten jeden Tag Unternehmen und Arbeitspl\u00e4tze.\u201d Jetzt seien L\u00f6sungen und keine \u201cbilligen Taschenspielertricks\u201d gefragt. \u201cHerr Altmaier muss liefern\u201d, verlangte Theurer.<\/p>\n<p>&nbsp;<\/p>\n<h3>Quelle:<\/h3>\n<p>hasepost.de\u00a0 \u00a0&#8211;\u00a0 \u00a027.02.21\u00a0 \u00a0&#8211;\u00a0 \u00a004:44 Uhr<\/p>\n<p><a href=\"https:\/\/www.hasepost.de\/fdp-verlangt-von-altmaier-vorschlaege-fuer-oeffnungen-239253\/\">https:\/\/www.hasepost.de\/fdp-verlangt-von-altmaier-vorschlaege-fuer-oeffnungen-239253\/<\/a><\/p>\n","protected":false},"excerpt":{"rendered":"<p>Berlin (dts) \u2013 Der Vizechef der FDP-Bundestagsfraktion, Michael Theurer, hat mit Blick auf die n\u00e4chsten Corona-Beratungen von Bund und L\u00e4ndern von Bundeswirtschaftsminister Peter Altmaier (CDU) ein \u00d6ffnungskonzept f\u00fcr die Wirtschaft [&#8230;]<\/p>\n","protected":false},"author":1,"featured_media":0,"comment_status":"open","ping_status":"closed","sticky":false,"template":"","format":"standard","meta":{"footnotes":""},"categories":[4,8],"tags":[88,27,111,112,14],"class_list":["post-604","post","type-post","status-publish","format-standard","hentry","category-covid-19","category-wirtschaft","tag-coronahilfen","tag-lockdown","tag-michael-theurer","tag-vorschlaege","tag-wirtschaft"],"_links":{"self":[{"href":"https:\/\/fdp-aktiv.de\/blog\/wp-json\/wp\/v2\/posts\/604","targetHints":{"allow":["GET"]}}],"collection":[{"href":"https:\/\/fdp-aktiv.de\/blog\/wp-json\/wp\/v2\/posts"}],"about":[{"href":"https:\/\/fdp-aktiv.de\/blog\/wp-json\/wp\/v2\/types\/post"}],"author":[{"embeddable":true,"href":"https:\/\/fdp-aktiv.de\/blog\/wp-json\/wp\/v2\/users\/1"}],"replies":[{"embeddable":true,"href":"https:\/\/fdp-aktiv.de\/blog\/wp-json\/wp\/v2\/comments?post=604"}],"version-history":[{"count":1,"href":"https:\/\/fdp-aktiv.de\/blog\/wp-json\/wp\/v2\/posts\/604\/revisions"}],"predecessor-version":[{"id":605,"href":"https:\/\/fdp-aktiv.de\/blog\/wp-json\/wp\/v2\/posts\/604\/revisions\/605"}],"wp:attachment":[{"href":"https:\/\/fdp-aktiv.de\/blog\/wp-json\/wp\/v2\/media?parent=604"}],"wp:term":[{"taxonomy":"category","embeddable":true,"href":"https:\/\/fdp-aktiv.de\/blog\/wp-json\/wp\/v2\/categories?post=604"},{"taxonomy":"post_tag","embeddable":true,"href":"https:\/\/fdp-aktiv.de\/blog\/wp-json\/wp\/v2\/tags?post=604"}],"curies":[{"name":"wp","href":"https:\/\/api.w.org\/{rel}","templated":true}]}}