{"id":6124,"date":"2022-07-08T13:27:50","date_gmt":"2022-07-08T11:27:50","guid":{"rendered":"https:\/\/fdp-aktiv.de\/blog\/?p=6124"},"modified":"2022-07-08T13:27:50","modified_gmt":"2022-07-08T11:27:50","slug":"saarland-schaffung-und-erhaltung-von-arbeitsplaetzen-muss-endlich-chefinnensache-werden","status":"publish","type":"post","link":"https:\/\/fdp-aktiv.de\/blog\/2022\/07\/08\/saarland-schaffung-und-erhaltung-von-arbeitsplaetzen-muss-endlich-chefinnensache-werden\/","title":{"rendered":"Saarland: Schaffung und Erhaltung von Arbeitspl\u00e4tzen muss endlich Chefinnensache werden"},"content":{"rendered":"<div class=\"clearfix text-formatted field field--name-field-body field--type-text-long field--label-hidden field__item\">\n<p>Nach der Entscheidung von Ford trifft mit Villeroy &amp; Boch ein weiteres Traditionsunternehmen eine Entscheidung gegen den Standort Saarland.<\/p>\n<p><a href=\"https:\/\/fdp-aktiv.de\/blog\/wp-content\/uploads\/2022\/07\/Download.png\"><img loading=\"lazy\" decoding=\"async\" class=\"aligncenter size-full wp-image-6125\" src=\"https:\/\/fdp-aktiv.de\/blog\/wp-content\/uploads\/2022\/07\/Download.png\" alt=\"\" width=\"282\" height=\"179\" \/><\/a><\/p>\n<p>Die FDP fordert von der Landesregierung statt der Kritik an der Entscheidung endlich ein Konzept zur Unternehmensansiedlung vorzulegen.<\/p>\n<p>Das Konzept soll der Aufgabe der Landesregierung gerecht werden die freiwerdenden Fl\u00e4chen schnellstm\u00f6glich weiterzuentwickeln und zu vermarkten, um die Facharbeiter nicht im Regen stehen zu lassen.<\/p>\n<p>Rehlinger (Ministerpr\u00e4sidentin) und Barke (Minister f\u00fcr Wirtschaft, Innovation, Digitales und Energie) m\u00fcssen nun aktiv auf potenzielle Investoren und Unternehmen zugehen um f\u00fcr den Standort Saarland zu werben. Es m\u00fcssen alle Kr\u00e4fte geb\u00fcndelt werden, um beste Rahmenbedingungen f\u00fcr die Industriearbeitspl\u00e4tze in den Technologien der Zukunft zu schaffen.<\/p>\n<p>Im SPD-Wahlprogramm wurde vollmundig davon gesprochen, dass die Ansiedlung und die Schaffung von Arbeitspl\u00e4tzen ganz oben auf der Agenda stehen \u201eWenn \u201eChefinnensache\u201c im Wahlprogramm keine Worth\u00fclse bleiben soll, muss Anke Rehlinger jetzt Farbe bekennen und aktiv werden\u201c, so Angelika Hie\u00dferich-Peter (Stllv. Landesvorsitzende FDP Saar)<\/p>\n<\/div>\n","protected":false},"excerpt":{"rendered":"<p>Nach der Entscheidung von Ford trifft mit Villeroy &amp; Boch ein weiteres Traditionsunternehmen eine Entscheidung gegen den Standort Saarland. Die FDP fordert von der Landesregierung statt der Kritik an der [&#8230;]<\/p>\n","protected":false},"author":1,"featured_media":0,"comment_status":"open","ping_status":"closed","sticky":false,"template":"","format":"standard","meta":{"footnotes":""},"categories":[8],"tags":[708],"class_list":["post-6124","post","type-post","status-publish","format-standard","hentry","category-wirtschaft","tag-fdp-saar"],"_links":{"self":[{"href":"https:\/\/fdp-aktiv.de\/blog\/wp-json\/wp\/v2\/posts\/6124","targetHints":{"allow":["GET"]}}],"collection":[{"href":"https:\/\/fdp-aktiv.de\/blog\/wp-json\/wp\/v2\/posts"}],"about":[{"href":"https:\/\/fdp-aktiv.de\/blog\/wp-json\/wp\/v2\/types\/post"}],"author":[{"embeddable":true,"href":"https:\/\/fdp-aktiv.de\/blog\/wp-json\/wp\/v2\/users\/1"}],"replies":[{"embeddable":true,"href":"https:\/\/fdp-aktiv.de\/blog\/wp-json\/wp\/v2\/comments?post=6124"}],"version-history":[{"count":1,"href":"https:\/\/fdp-aktiv.de\/blog\/wp-json\/wp\/v2\/posts\/6124\/revisions"}],"predecessor-version":[{"id":6126,"href":"https:\/\/fdp-aktiv.de\/blog\/wp-json\/wp\/v2\/posts\/6124\/revisions\/6126"}],"wp:attachment":[{"href":"https:\/\/fdp-aktiv.de\/blog\/wp-json\/wp\/v2\/media?parent=6124"}],"wp:term":[{"taxonomy":"category","embeddable":true,"href":"https:\/\/fdp-aktiv.de\/blog\/wp-json\/wp\/v2\/categories?post=6124"},{"taxonomy":"post_tag","embeddable":true,"href":"https:\/\/fdp-aktiv.de\/blog\/wp-json\/wp\/v2\/tags?post=6124"}],"curies":[{"name":"wp","href":"https:\/\/api.w.org\/{rel}","templated":true}]}}