{"id":6192,"date":"2022-07-13T09:30:33","date_gmt":"2022-07-13T07:30:33","guid":{"rendered":"https:\/\/fdp-aktiv.de\/blog\/?p=6192"},"modified":"2022-07-13T09:30:33","modified_gmt":"2022-07-13T07:30:33","slug":"baden-wuerttemberg-haag-schnellladehubs-sind-keine-oeffentliche-aufgabe","status":"publish","type":"post","link":"https:\/\/fdp-aktiv.de\/blog\/2022\/07\/13\/baden-wuerttemberg-haag-schnellladehubs-sind-keine-oeffentliche-aufgabe\/","title":{"rendered":"Baden-W\u00fcrttemberg &#8211; Haag: Schnellladehubs sind keine \u00f6ffentliche Aufgabe"},"content":{"rendered":"<p>F\u00f6rderung \u00fcber f\u00fcnf Millionen Euro ist verzichtbar<\/p>\n<p>Das Verkehrsministerium berichtet \u00fcber seinen ersten F\u00f6rderaufruf zur Errichtung von urbanen Schnellladehubs im Umfang von bis zu f\u00fcnf Millionen. Dazu sagt der Sprecher f\u00fcr individuelle Mobilit\u00e4t der FDP\/DVP-Fraktion im Landtag von Baden-W\u00fcrttemberg, <strong>Friedrich Haag:<\/strong><\/p>\n<figure id=\"attachment_5747\" aria-describedby=\"caption-attachment-5747\" style=\"width: 800px\" class=\"wp-caption aligncenter\"><a href=\"https:\/\/fdp-aktiv.de\/blog\/wp-content\/uploads\/2022\/06\/210517_fdp_haag_2433_final.jpg\"><img loading=\"lazy\" decoding=\"async\" class=\"size-large wp-image-5747\" src=\"https:\/\/fdp-aktiv.de\/blog\/wp-content\/uploads\/2022\/06\/210517_fdp_haag_2433_final-1024x682.jpg\" alt=\"Friedrich Haag\" width=\"800\" height=\"533\" srcset=\"https:\/\/fdp-aktiv.de\/blog\/wp-content\/uploads\/2022\/06\/210517_fdp_haag_2433_final-1024x682.jpg 1024w, https:\/\/fdp-aktiv.de\/blog\/wp-content\/uploads\/2022\/06\/210517_fdp_haag_2433_final-300x200.jpg 300w, https:\/\/fdp-aktiv.de\/blog\/wp-content\/uploads\/2022\/06\/210517_fdp_haag_2433_final-768x512.jpg 768w, https:\/\/fdp-aktiv.de\/blog\/wp-content\/uploads\/2022\/06\/210517_fdp_haag_2433_final-1536x1024.jpg 1536w, https:\/\/fdp-aktiv.de\/blog\/wp-content\/uploads\/2022\/06\/210517_fdp_haag_2433_final.jpg 2000w\" sizes=\"auto, (max-width: 800px) 100vw, 800px\" \/><\/a><figcaption id=\"caption-attachment-5747\" class=\"wp-caption-text\">Friedrich Haag<\/figcaption><\/figure>\n<p>\u201eMinister Hermann liegt v\u00f6llig daneben, wenn er meint, mit seinem F\u00fcnf-Millionen-Euro-Programm zur F\u00f6rderung urbaner Schnellladehubs w\u00fcrde er eine F\u00f6rderl\u00fccke schlie\u00dfen. Das Gegenteil ist richtig: Hier werden mit Steuergeldern Unternehmen und die \u00d6ffentliche Hand bezuschusst, um weitere Ladeinfrastruktur zu schaffen. Das ist l\u00e4ngst ein Gesch\u00e4ftsmodell und die Unternehmen k\u00f6nnen und sollen diese Kosten selbst tragen. Im Bereich der Elektromobilit\u00e4t k\u00f6nnen offenbar die Mitnahmeeffekte nicht gro\u00df genug sein. Dieses Beispiel zeigt einmal mehr, dass der Landesregierung kein Euro zu viel ist, um die E-Mobilit\u00e4t durchzudr\u00fccken. Staatliche Subventionen sollten sich jedoch auf das unbedingt Erforderliche beschr\u00e4nken. Die f\u00fcnf Millionen Euro w\u00e4ren sinnvoller f\u00fcr den Hochlauf der Wasserstoff-Wirtschaft und E-Fuels eingesetzt.\u201c<\/p>\n<p>&nbsp;<\/p>\n","protected":false},"excerpt":{"rendered":"<p>F\u00f6rderung \u00fcber f\u00fcnf Millionen Euro ist verzichtbar Das Verkehrsministerium berichtet \u00fcber seinen ersten F\u00f6rderaufruf zur Errichtung von urbanen Schnellladehubs im Umfang von bis zu f\u00fcnf Millionen. Dazu sagt der Sprecher [&#8230;]<\/p>\n","protected":false},"author":1,"featured_media":0,"comment_status":"open","ping_status":"closed","sticky":false,"template":"","format":"standard","meta":{"footnotes":""},"categories":[55,144],"tags":[650,1587,2523],"class_list":["post-6192","post","type-post","status-publish","format-standard","hentry","category-finanzen","category-verkehr-innenpolitik","tag-fdp-dvp","tag-friedrich-haag","tag-schnellladehubs"],"_links":{"self":[{"href":"https:\/\/fdp-aktiv.de\/blog\/wp-json\/wp\/v2\/posts\/6192","targetHints":{"allow":["GET"]}}],"collection":[{"href":"https:\/\/fdp-aktiv.de\/blog\/wp-json\/wp\/v2\/posts"}],"about":[{"href":"https:\/\/fdp-aktiv.de\/blog\/wp-json\/wp\/v2\/types\/post"}],"author":[{"embeddable":true,"href":"https:\/\/fdp-aktiv.de\/blog\/wp-json\/wp\/v2\/users\/1"}],"replies":[{"embeddable":true,"href":"https:\/\/fdp-aktiv.de\/blog\/wp-json\/wp\/v2\/comments?post=6192"}],"version-history":[{"count":1,"href":"https:\/\/fdp-aktiv.de\/blog\/wp-json\/wp\/v2\/posts\/6192\/revisions"}],"predecessor-version":[{"id":6193,"href":"https:\/\/fdp-aktiv.de\/blog\/wp-json\/wp\/v2\/posts\/6192\/revisions\/6193"}],"wp:attachment":[{"href":"https:\/\/fdp-aktiv.de\/blog\/wp-json\/wp\/v2\/media?parent=6192"}],"wp:term":[{"taxonomy":"category","embeddable":true,"href":"https:\/\/fdp-aktiv.de\/blog\/wp-json\/wp\/v2\/categories?post=6192"},{"taxonomy":"post_tag","embeddable":true,"href":"https:\/\/fdp-aktiv.de\/blog\/wp-json\/wp\/v2\/tags?post=6192"}],"curies":[{"name":"wp","href":"https:\/\/api.w.org\/{rel}","templated":true}]}}