{"id":6195,"date":"2022-07-13T13:43:54","date_gmt":"2022-07-13T11:43:54","guid":{"rendered":"https:\/\/fdp-aktiv.de\/blog\/?p=6195"},"modified":"2022-07-13T13:43:54","modified_gmt":"2022-07-13T11:43:54","slug":"funke-kaiser-gigabitstrategie-setzt-grundstein-fuer-digitale-infrastruktur","status":"publish","type":"post","link":"https:\/\/fdp-aktiv.de\/blog\/2022\/07\/13\/funke-kaiser-gigabitstrategie-setzt-grundstein-fuer-digitale-infrastruktur\/","title":{"rendered":"FUNKE-KAISER: Gigabitstrategie setzt Grundstein f\u00fcr digitale Infrastruktur"},"content":{"rendered":"<div class=\"clearfix text-formatted field field--name-body field--type-text-with-summary field--label-hidden field__item\">\n<p>Zum Kabinettsbeschluss \u00fcber die Gigabitstrategie erkl\u00e4rt der digitalpolitische Sprecher der FDP-Fraktion Maximilian Funke-Kaiser:<\/p>\n<figure id=\"attachment_5415\" aria-describedby=\"caption-attachment-5415\" style=\"width: 800px\" class=\"wp-caption aligncenter\"><a href=\"https:\/\/fdp-aktiv.de\/blog\/wp-content\/uploads\/2022\/05\/fiber-optic-2749588_1280.jpg\"><img loading=\"lazy\" decoding=\"async\" class=\"size-large wp-image-5415\" src=\"https:\/\/fdp-aktiv.de\/blog\/wp-content\/uploads\/2022\/05\/fiber-optic-2749588_1280-1024x682.jpg\" alt=\"\" width=\"800\" height=\"533\" srcset=\"https:\/\/fdp-aktiv.de\/blog\/wp-content\/uploads\/2022\/05\/fiber-optic-2749588_1280-1024x682.jpg 1024w, https:\/\/fdp-aktiv.de\/blog\/wp-content\/uploads\/2022\/05\/fiber-optic-2749588_1280-300x200.jpg 300w, https:\/\/fdp-aktiv.de\/blog\/wp-content\/uploads\/2022\/05\/fiber-optic-2749588_1280-768x512.jpg 768w, https:\/\/fdp-aktiv.de\/blog\/wp-content\/uploads\/2022\/05\/fiber-optic-2749588_1280.jpg 1280w\" sizes=\"auto, (max-width: 800px) 100vw, 800px\" \/><\/a><figcaption id=\"caption-attachment-5415\" class=\"wp-caption-text\">Bild von <a href=\"https:\/\/pixabay.com\/de\/users\/chaitawat-6442268\/?utm_source=link-attribution&amp;utm_medium=referral&amp;utm_campaign=image&amp;utm_content=2749588\">Chaitawat Pawapoowadon<\/a> auf <a href=\"https:\/\/pixabay.com\/de\/?utm_source=link-attribution&amp;utm_medium=referral&amp;utm_campaign=image&amp;utm_content=2749588\">Pixabay<\/a><\/figcaption><\/figure>\n<p>\u201eMit der heute verabschiedeten Gigabitstrategie setzen wir den Grundstein f\u00fcr den Ausbau einer leistungs- und zukunftsf\u00e4higen digitalen Infrastruktur in Deutschland. Die fl\u00e4chendeckende Versorgung mit Glasfaseranschl\u00fcssen und dem neuesten Mobilfunkstandard ist das Fundament eines wettbewerbsf\u00e4higen Wirtschaftsstandorts. Es geht vor allem darum, eine neue Dynamik in den Ausbau zu bringen und b\u00fcrokratische H\u00fcrden abzubauen. Daf\u00fcr werden Planungs- und Genehmigungsverfahren vereinfacht und beschleunigt. Auch der Einsatz alternativer Verlegemethoden wird verbessert. Wir setzen auf den eigenwirtschaftlichen Ausbau und f\u00f6rdern zielgenau dort, wo dieser in absehbarer Zeit keine Wirkung entfalten wird. Daf\u00fcr stehen k\u00fcnftig mit der Potenzialanalyse und der systematischen Evaluierung zwei ineinandergreifende Instrumente zur Verf\u00fcgung. Jetzt gilt es in Zusammenarbeit von Bund, L\u00e4ndern und Kommunen die Strategie mit Leben zu f\u00fcllen und ambitioniert an die Umsetzung der vorgestellten Ma\u00dfnahmen zu gehen.\u201c<\/p>\n<\/div>\n","protected":false},"excerpt":{"rendered":"<p>Zum Kabinettsbeschluss \u00fcber die Gigabitstrategie erkl\u00e4rt der digitalpolitische Sprecher der FDP-Fraktion Maximilian Funke-Kaiser: \u201eMit der heute verabschiedeten Gigabitstrategie setzen wir den Grundstein f\u00fcr den Ausbau einer leistungs- und zukunftsf\u00e4higen digitalen [&#8230;]<\/p>\n","protected":false},"author":1,"featured_media":0,"comment_status":"open","ping_status":"closed","sticky":false,"template":"","format":"standard","meta":{"footnotes":""},"categories":[68],"tags":[957,2524,225,1962],"class_list":["post-6195","post","type-post","status-publish","format-standard","hentry","category-digital","tag-gigabit","tag-glasfaseranschluesse","tag-infrastruktur","tag-maximilian-funke-kaiser"],"_links":{"self":[{"href":"https:\/\/fdp-aktiv.de\/blog\/wp-json\/wp\/v2\/posts\/6195","targetHints":{"allow":["GET"]}}],"collection":[{"href":"https:\/\/fdp-aktiv.de\/blog\/wp-json\/wp\/v2\/posts"}],"about":[{"href":"https:\/\/fdp-aktiv.de\/blog\/wp-json\/wp\/v2\/types\/post"}],"author":[{"embeddable":true,"href":"https:\/\/fdp-aktiv.de\/blog\/wp-json\/wp\/v2\/users\/1"}],"replies":[{"embeddable":true,"href":"https:\/\/fdp-aktiv.de\/blog\/wp-json\/wp\/v2\/comments?post=6195"}],"version-history":[{"count":1,"href":"https:\/\/fdp-aktiv.de\/blog\/wp-json\/wp\/v2\/posts\/6195\/revisions"}],"predecessor-version":[{"id":6196,"href":"https:\/\/fdp-aktiv.de\/blog\/wp-json\/wp\/v2\/posts\/6195\/revisions\/6196"}],"wp:attachment":[{"href":"https:\/\/fdp-aktiv.de\/blog\/wp-json\/wp\/v2\/media?parent=6195"}],"wp:term":[{"taxonomy":"category","embeddable":true,"href":"https:\/\/fdp-aktiv.de\/blog\/wp-json\/wp\/v2\/categories?post=6195"},{"taxonomy":"post_tag","embeddable":true,"href":"https:\/\/fdp-aktiv.de\/blog\/wp-json\/wp\/v2\/tags?post=6195"}],"curies":[{"name":"wp","href":"https:\/\/api.w.org\/{rel}","templated":true}]}}