{"id":6201,"date":"2022-07-13T13:55:26","date_gmt":"2022-07-13T11:55:26","guid":{"rendered":"https:\/\/fdp-aktiv.de\/blog\/?p=6201"},"modified":"2022-07-13T13:55:26","modified_gmt":"2022-07-13T11:55:26","slug":"bernd-buchholz-die-landesregierung-muss-die-freilassung-von-angeklagten-straftaetern-erklaeren","status":"publish","type":"post","link":"https:\/\/fdp-aktiv.de\/blog\/2022\/07\/13\/bernd-buchholz-die-landesregierung-muss-die-freilassung-von-angeklagten-straftaetern-erklaeren\/","title":{"rendered":"Bernd Buchholz: Die Landesregierung muss die Freilassung von angeklagten Straft\u00e4tern erkl\u00e4ren"},"content":{"rendered":"<div class=\"clearfix text-formatted field field--name-body field--type-text-with-summary field--label-hidden field__item\">\n<p>Die FDP-Landtagsfraktion hat einen Berichtsantrag eingereicht, um die Entwicklung und Gr\u00fcnde f\u00fcr die hohe Zahl an fr\u00fchzeitigen Entlassungen von Angeklagten aus der U-Haft im kommenden Innen- und Rechtsausschuss zu thematisieren. Der Deutsche Richterbund hatte vergangene Woche Zahlen ver\u00f6ffentlicht, wonach 2021 deutlich mehr angeklagte Straft\u00e4ter in Schleswig-Holstein aus der U-Haft entlassen werden mussten als in den Jahren davor. Schleswig-Holstein ist zudem gemeinsam mit Sachsen bundesweit Spitzenreiter bei den fr\u00fchzeitigen Entlassungen aus der U-Haft. Dazu erkl\u00e4rt der justizpolitische Sprecher der FDP-Landtagsfraktion, <strong>Bernd Buchholz<\/strong>:<\/p>\n<figure id=\"attachment_5437\" aria-describedby=\"caption-attachment-5437\" style=\"width: 800px\" class=\"wp-caption aligncenter\"><a href=\"https:\/\/fdp-aktiv.de\/blog\/wp-content\/uploads\/2022\/05\/Bernd_Buchholz.jpg\"><img loading=\"lazy\" decoding=\"async\" class=\"size-large wp-image-5437\" src=\"https:\/\/fdp-aktiv.de\/blog\/wp-content\/uploads\/2022\/05\/Bernd_Buchholz-1024x1024.jpg\" alt=\"\" width=\"800\" height=\"800\" srcset=\"https:\/\/fdp-aktiv.de\/blog\/wp-content\/uploads\/2022\/05\/Bernd_Buchholz-1024x1024.jpg 1024w, https:\/\/fdp-aktiv.de\/blog\/wp-content\/uploads\/2022\/05\/Bernd_Buchholz-300x300.jpg 300w, https:\/\/fdp-aktiv.de\/blog\/wp-content\/uploads\/2022\/05\/Bernd_Buchholz-150x150.jpg 150w, https:\/\/fdp-aktiv.de\/blog\/wp-content\/uploads\/2022\/05\/Bernd_Buchholz-768x768.jpg 768w, https:\/\/fdp-aktiv.de\/blog\/wp-content\/uploads\/2022\/05\/Bernd_Buchholz-400x400.jpg 400w, https:\/\/fdp-aktiv.de\/blog\/wp-content\/uploads\/2022\/05\/Bernd_Buchholz.jpg 1440w\" sizes=\"auto, (max-width: 800px) 100vw, 800px\" \/><\/a><figcaption id=\"caption-attachment-5437\" class=\"wp-caption-text\">Dr. Bernd Buchholz<\/figcaption><\/figure>\n<p>&nbsp;<\/p>\n<p>\u201eDas ist eine v\u00f6llig inakzeptable Entwicklung, die die Arbeit der Ermittlungsbeh\u00f6rden konterkariert und bei der sofort gegengesteuert werden muss. Es wird zu kl\u00e4ren sein, wer daf\u00fcr die Verantwortung tr\u00e4gt.\u201c<\/p>\n<p>&nbsp;<\/p>\n<p>Download Berichtsantrag:<\/p>\n<p><a href=\"https:\/\/crm.fdp-fraktion-sh.de\/sites\/default\/files\/inline-files\/IuR-Berichtsantrag%20%C3%BCber%20fr%C3%BChzeitige%20Entlassungen%20aus%20der%20U-Haft_1.pdf\" data-entity-type=\"file\" data-entity-uuid=\"5cdb44a5-50c3-4ad0-8ef4-9da17239a4a2\">IuR-Berichtsantrag \u00fcber fr\u00fchzeitige Entlassungen aus der U-Haft_1.pdf<\/a><\/p>\n<\/div>\n","protected":false},"excerpt":{"rendered":"<p>Die FDP-Landtagsfraktion hat einen Berichtsantrag eingereicht, um die Entwicklung und Gr\u00fcnde f\u00fcr die hohe Zahl an fr\u00fchzeitigen Entlassungen von Angeklagten aus der U-Haft im kommenden Innen- und Rechtsausschuss zu thematisieren. [&#8230;]<\/p>\n","protected":false},"author":1,"featured_media":0,"comment_status":"open","ping_status":"closed","sticky":false,"template":"","format":"standard","meta":{"footnotes":""},"categories":[536],"tags":[484,814,2525],"class_list":["post-6201","post","type-post","status-publish","format-standard","hentry","category-sicherheit","tag-bernd-buchholz","tag-fdp-lsh","tag-straftaeter"],"_links":{"self":[{"href":"https:\/\/fdp-aktiv.de\/blog\/wp-json\/wp\/v2\/posts\/6201","targetHints":{"allow":["GET"]}}],"collection":[{"href":"https:\/\/fdp-aktiv.de\/blog\/wp-json\/wp\/v2\/posts"}],"about":[{"href":"https:\/\/fdp-aktiv.de\/blog\/wp-json\/wp\/v2\/types\/post"}],"author":[{"embeddable":true,"href":"https:\/\/fdp-aktiv.de\/blog\/wp-json\/wp\/v2\/users\/1"}],"replies":[{"embeddable":true,"href":"https:\/\/fdp-aktiv.de\/blog\/wp-json\/wp\/v2\/comments?post=6201"}],"version-history":[{"count":1,"href":"https:\/\/fdp-aktiv.de\/blog\/wp-json\/wp\/v2\/posts\/6201\/revisions"}],"predecessor-version":[{"id":6202,"href":"https:\/\/fdp-aktiv.de\/blog\/wp-json\/wp\/v2\/posts\/6201\/revisions\/6202"}],"wp:attachment":[{"href":"https:\/\/fdp-aktiv.de\/blog\/wp-json\/wp\/v2\/media?parent=6201"}],"wp:term":[{"taxonomy":"category","embeddable":true,"href":"https:\/\/fdp-aktiv.de\/blog\/wp-json\/wp\/v2\/categories?post=6201"},{"taxonomy":"post_tag","embeddable":true,"href":"https:\/\/fdp-aktiv.de\/blog\/wp-json\/wp\/v2\/tags?post=6201"}],"curies":[{"name":"wp","href":"https:\/\/api.w.org\/{rel}","templated":true}]}}