{"id":6222,"date":"2022-07-14T15:46:43","date_gmt":"2022-07-14T13:46:43","guid":{"rendered":"https:\/\/fdp-aktiv.de\/blog\/?p=6222"},"modified":"2022-07-14T15:46:43","modified_gmt":"2022-07-14T13:46:43","slug":"bayern-duin-immer-nur-soeder-show-die-kostenlose-meisterausbildung-muss-kommen","status":"publish","type":"post","link":"https:\/\/fdp-aktiv.de\/blog\/2022\/07\/14\/bayern-duin-immer-nur-soeder-show-die-kostenlose-meisterausbildung-muss-kommen\/","title":{"rendered":"Bayern &#8211; DUIN: Immer nur S\u00f6der-Show \u2013 Die kostenlose Meisterausbildung muss kommen"},"content":{"rendered":"<p>Der Fachkr\u00e4ftemangel in Bayern versch\u00e4rft sich weiter. Im Handwerk etwa fehlen 40.000 Fachkr\u00e4fte. Heute nun hat das bayerische Kabinett Initiativen auf den Weg gebracht \u2013 dabei aber die kostenlose Meisterausbildung au\u00dfer Acht gelassen. Dabei k\u00f6nnte die Staatsregierung gerade hier schnell t\u00e4tig werden und das Handwerk wirksam unterst\u00fctzen. Dazu der wirtschaftspolitische Sprecher der FDP-Landtagsfraktion <strong>Albert Duin<\/strong>:<\/p>\n<figure id=\"attachment_4398\" aria-describedby=\"caption-attachment-4398\" style=\"width: 840px\" class=\"wp-caption aligncenter\"><a href=\"https:\/\/fdp-aktiv.de\/blog\/wp-content\/uploads\/2022\/02\/Albert_Duin_38604_2.jpg\"><img loading=\"lazy\" decoding=\"async\" class=\"size-full wp-image-4398\" src=\"https:\/\/fdp-aktiv.de\/blog\/wp-content\/uploads\/2022\/02\/Albert_Duin_38604_2.jpg\" alt=\"Albert Duin\" width=\"840\" height=\"472\" srcset=\"https:\/\/fdp-aktiv.de\/blog\/wp-content\/uploads\/2022\/02\/Albert_Duin_38604_2.jpg 840w, https:\/\/fdp-aktiv.de\/blog\/wp-content\/uploads\/2022\/02\/Albert_Duin_38604_2-300x169.jpg 300w, https:\/\/fdp-aktiv.de\/blog\/wp-content\/uploads\/2022\/02\/Albert_Duin_38604_2-768x432.jpg 768w\" sizes=\"auto, (max-width: 840px) 100vw, 840px\" \/><\/a><figcaption id=\"caption-attachment-4398\" class=\"wp-caption-text\">Albert Duin<\/figcaption><\/figure>\n<p>\u201eS\u00f6ders Schaufenster-Politik geht mir gewaltig gegen den Strich. Noch zum Tag des Handwerks wollte die bayerische Staatsregierung pl\u00f6tzlich ihr Herz f\u00fcr die Handwerker entdeckt haben. Und jetzt ist davon nicht mehr viel \u00fcbrig \u2013 nur noch hei\u00dfe Luft.<\/p>\n<p>Von der kostenlosen Meisterausbildung war die Rede. Das lie\u00df hoffen, dass sich gerade bei diesem wichtigen Thema endlich mal etwas bewegt. Nun denn, wir werden nicht lockerlassen und die Staatsregierung weiter mit Antr\u00e4gen zusch\u00fctten, bis es kracht. Meister und Master m\u00fcssen gleichwertig und die Meisterausbildung kostenlos sein.<\/p>\n<p>Wir hatten bereits mehrere Antr\u00e4ge zur Meisterausbildung ins Parlament eingebracht, die genau das beinhalten, was S\u00f6der jetzt dem Bund zuschustert. Was er nicht so ganz verstanden hat: Der Freistaat kann selbst jede Menge daf\u00fcr tun \u2013 und den Meisterbonus auf 100 Prozent der Ausbildungskosten erh\u00f6hen. Die Blaupause daf\u00fcr liegt auf seinem Tisch. Und dass es m\u00f6glich ist, auf Landesebene viel zu bewirken, zeigt im \u00dcbrigen die Einf\u00fchrung des bayerischen Meisterbonus auf Initiative der FDP im Jahr 2013.\u201c<\/p>\n","protected":false},"excerpt":{"rendered":"<p>Der Fachkr\u00e4ftemangel in Bayern versch\u00e4rft sich weiter. Im Handwerk etwa fehlen 40.000 Fachkr\u00e4fte. Heute nun hat das bayerische Kabinett Initiativen auf den Weg gebracht \u2013 dabei aber die kostenlose Meisterausbildung [&#8230;]<\/p>\n","protected":false},"author":1,"featured_media":0,"comment_status":"open","ping_status":"closed","sticky":false,"template":"","format":"standard","meta":{"footnotes":""},"categories":[34,8],"tags":[1976,322],"class_list":["post-6222","post","type-post","status-publish","format-standard","hentry","category-bildung","category-wirtschaft","tag-albert-duin","tag-fdp-bayern"],"_links":{"self":[{"href":"https:\/\/fdp-aktiv.de\/blog\/wp-json\/wp\/v2\/posts\/6222","targetHints":{"allow":["GET"]}}],"collection":[{"href":"https:\/\/fdp-aktiv.de\/blog\/wp-json\/wp\/v2\/posts"}],"about":[{"href":"https:\/\/fdp-aktiv.de\/blog\/wp-json\/wp\/v2\/types\/post"}],"author":[{"embeddable":true,"href":"https:\/\/fdp-aktiv.de\/blog\/wp-json\/wp\/v2\/users\/1"}],"replies":[{"embeddable":true,"href":"https:\/\/fdp-aktiv.de\/blog\/wp-json\/wp\/v2\/comments?post=6222"}],"version-history":[{"count":1,"href":"https:\/\/fdp-aktiv.de\/blog\/wp-json\/wp\/v2\/posts\/6222\/revisions"}],"predecessor-version":[{"id":6223,"href":"https:\/\/fdp-aktiv.de\/blog\/wp-json\/wp\/v2\/posts\/6222\/revisions\/6223"}],"wp:attachment":[{"href":"https:\/\/fdp-aktiv.de\/blog\/wp-json\/wp\/v2\/media?parent=6222"}],"wp:term":[{"taxonomy":"category","embeddable":true,"href":"https:\/\/fdp-aktiv.de\/blog\/wp-json\/wp\/v2\/categories?post=6222"},{"taxonomy":"post_tag","embeddable":true,"href":"https:\/\/fdp-aktiv.de\/blog\/wp-json\/wp\/v2\/tags?post=6222"}],"curies":[{"name":"wp","href":"https:\/\/api.w.org\/{rel}","templated":true}]}}