{"id":6243,"date":"2022-07-14T21:53:36","date_gmt":"2022-07-14T19:53:36","guid":{"rendered":"https:\/\/fdp-aktiv.de\/blog\/?p=6243"},"modified":"2022-07-14T21:53:36","modified_gmt":"2022-07-14T19:53:36","slug":"hessen-dr-naas-freie-demokraten-beklagen-organisierte-verantwortungslosigkeit-bei-der-documenta-15","status":"publish","type":"post","link":"https:\/\/fdp-aktiv.de\/blog\/2022\/07\/14\/hessen-dr-naas-freie-demokraten-beklagen-organisierte-verantwortungslosigkeit-bei-der-documenta-15\/","title":{"rendered":"Hessen &#8211; DR. NAAS: Freie Demokraten beklagen organisierte Verantwortungslosigkeit bei der documenta 15"},"content":{"rendered":"<p>Kunstschau hat durch Antisemitismus-Skandal schweren Schaden genommenGeneraldirektorin kann Eklat nicht aufarbeitenLand muss neue Struktur f\u00fcr documenta finden<\/p>\n<p>&nbsp;<\/p>\n<p>\u201eDie documenta hat durch den Antisemitismus-Skandal schweren Schaden genommen. Daf\u00fcr tr\u00e4gt die zust\u00e4ndige Ministerin Angela Dorn Mitverantwortung\u201c, erkl\u00e4rt Dr. Stefan NAAS, kulturpolitischer Sprecher der Freien Demokraten im Hessischen Landtag. Die Freien Demokraten haben den Eklat bei der f\u00fcr Kassel, Hessen und Deutschland so wichtigen Kunstschau zu ihrem Setzpunkt, also zum Schwerpunktthema, der aktuellen Plenarrunde gemacht: \u201eDass auf der documenta \u00f6ffentlich Antisemitismus ausgestellt wurde, ist besch\u00e4mend und schockierend. Das h\u00e4tte nicht passieren d\u00fcrfen, aber es ist passiert\u201c, sagt Naas mit Blick auf die Ministerin f\u00fcr Wissenschaft und Kunst. Er fordert nicht nur eine Aufarbeitung der Vorf\u00e4lle, sondern bekr\u00e4ftigt auch seine Forderung nach einer Abberufung der Generaldirektorin. Dass Schwarz-Gr\u00fcn Sabine Schormann mit der Aufarbeitung des Skandals beauftragen wollte, sei f\u00fcr ihn unverst\u00e4ndlich: \u201eDie Generaldirektorin ist f\u00fcr den katastrophalen Umgang mit dem Eklat verantwortlich. Sie hat schlichtweg versagt. Sie kann ihn nicht aufarbeiten\u201c, macht Naas klar.<\/p>\n<figure id=\"attachment_3190\" aria-describedby=\"caption-attachment-3190\" style=\"width: 800px\" class=\"wp-caption aligncenter\"><a href=\"https:\/\/fdp-aktiv.de\/blog\/wp-content\/uploads\/2021\/11\/2019.02.26_FDP_Dr.StefanNaas-1.jpg\"><img loading=\"lazy\" decoding=\"async\" class=\"size-large wp-image-3190\" src=\"https:\/\/fdp-aktiv.de\/blog\/wp-content\/uploads\/2021\/11\/2019.02.26_FDP_Dr.StefanNaas-1-1024x684.jpg\" alt=\"\" width=\"800\" height=\"534\" srcset=\"https:\/\/fdp-aktiv.de\/blog\/wp-content\/uploads\/2021\/11\/2019.02.26_FDP_Dr.StefanNaas-1-1024x684.jpg 1024w, https:\/\/fdp-aktiv.de\/blog\/wp-content\/uploads\/2021\/11\/2019.02.26_FDP_Dr.StefanNaas-1-300x200.jpg 300w, https:\/\/fdp-aktiv.de\/blog\/wp-content\/uploads\/2021\/11\/2019.02.26_FDP_Dr.StefanNaas-1-768x513.jpg 768w, https:\/\/fdp-aktiv.de\/blog\/wp-content\/uploads\/2021\/11\/2019.02.26_FDP_Dr.StefanNaas-1-1536x1025.jpg 1536w, https:\/\/fdp-aktiv.de\/blog\/wp-content\/uploads\/2021\/11\/2019.02.26_FDP_Dr.StefanNaas-1.jpg 2048w\" sizes=\"auto, (max-width: 800px) 100vw, 800px\" \/><\/a><figcaption id=\"caption-attachment-3190\" class=\"wp-caption-text\">Dr. Stefan Naas<\/figcaption><\/figure>\n<p>Der kulturpolitische Sprecher der Freien Demokraten erinnert daran, dass es sich um einen \u201eSkandal mit Ansage\u201c handele, gab es doch bereits seit Januar Vorw\u00fcrfe gegen Beteiligte des Kuratorenkollektivs Ruangrupa, der k\u00fcnstlerischen Leitung. Die Freien Demokraten hatten diese Vorw\u00fcrfe in einer Sondersitzung des Fachausschusses thematisiert, von der Ministerin aber keine konkreten Antworten bekommen. \u201eFrau Dorn hat einfach weggeschaut, obwohl es viele Hinweise auf Antisemitismus bei der documenta gab. H\u00e4tte sie die Vorw\u00fcrfe ernster genommen, h\u00e4tte man schon damals das Ausma\u00df israelfeindlicher Positionen erkennen k\u00f6nnen\u201c, meint Naas. Er sagt: \u201eDie documenta 15 ist die organisierte Verantwortungslosigkeit. Keiner ist verantwortlich. Das ist das Konzept. Wenn eine Veranstaltung mit einem Etat von \u00fcber 40 Millionen Euro gr\u00f6\u00dftenteils \u00f6ffentlicher Mittel funktionieren soll, muss aber klar sein, wer f\u00fcr was letztlich die Verantwortung tr\u00e4gt. Wenn es Angela Dorn nicht schafft, Ordnung in die documenta zu bekommen wird es auch f\u00fcr die Ministerin langsam eng.\u201c<\/p>\n<p>Mit Blick auf die Zukunft erkl\u00e4rt Naas: \u201eEs wird Zeit f\u00fcr das Land, endlich eine neue Struktur f\u00fcr die documenta zu finden. Es kann nicht sein, dass Millionen an Landesgeld in eine Ausstellung flie\u00dfen, ohne dass Verantwortlichkeiten klar geregelt sind und das Land zusammen mit dem Bund mehr Einfluss bekommt.\u201c<\/p>\n<p>&nbsp;<\/p>\n<p>&nbsp;<\/p>\n","protected":false},"excerpt":{"rendered":"<p>Kunstschau hat durch Antisemitismus-Skandal schweren Schaden genommenGeneraldirektorin kann Eklat nicht aufarbeitenLand muss neue Struktur f\u00fcr documenta finden &nbsp; \u201eDie documenta hat durch den Antisemitismus-Skandal schweren Schaden genommen. Daf\u00fcr tr\u00e4gt die [&#8230;]<\/p>\n","protected":false},"author":1,"featured_media":0,"comment_status":"open","ping_status":"closed","sticky":false,"template":"","format":"standard","meta":{"footnotes":""},"categories":[6],"tags":[1302,635],"class_list":["post-6243","post","type-post","status-publish","format-standard","hentry","category-politik","tag-dr-stefan-naas","tag-fdp-hessen"],"_links":{"self":[{"href":"https:\/\/fdp-aktiv.de\/blog\/wp-json\/wp\/v2\/posts\/6243","targetHints":{"allow":["GET"]}}],"collection":[{"href":"https:\/\/fdp-aktiv.de\/blog\/wp-json\/wp\/v2\/posts"}],"about":[{"href":"https:\/\/fdp-aktiv.de\/blog\/wp-json\/wp\/v2\/types\/post"}],"author":[{"embeddable":true,"href":"https:\/\/fdp-aktiv.de\/blog\/wp-json\/wp\/v2\/users\/1"}],"replies":[{"embeddable":true,"href":"https:\/\/fdp-aktiv.de\/blog\/wp-json\/wp\/v2\/comments?post=6243"}],"version-history":[{"count":1,"href":"https:\/\/fdp-aktiv.de\/blog\/wp-json\/wp\/v2\/posts\/6243\/revisions"}],"predecessor-version":[{"id":6244,"href":"https:\/\/fdp-aktiv.de\/blog\/wp-json\/wp\/v2\/posts\/6243\/revisions\/6244"}],"wp:attachment":[{"href":"https:\/\/fdp-aktiv.de\/blog\/wp-json\/wp\/v2\/media?parent=6243"}],"wp:term":[{"taxonomy":"category","embeddable":true,"href":"https:\/\/fdp-aktiv.de\/blog\/wp-json\/wp\/v2\/categories?post=6243"},{"taxonomy":"post_tag","embeddable":true,"href":"https:\/\/fdp-aktiv.de\/blog\/wp-json\/wp\/v2\/tags?post=6243"}],"curies":[{"name":"wp","href":"https:\/\/api.w.org\/{rel}","templated":true}]}}