{"id":6245,"date":"2022-07-15T18:02:47","date_gmt":"2022-07-15T16:02:47","guid":{"rendered":"https:\/\/fdp-aktiv.de\/blog\/?p=6245"},"modified":"2022-07-15T18:02:47","modified_gmt":"2022-07-15T16:02:47","slug":"bayern-spitzer-bayern-koalition-versagt-beim-thema-pflege-pflegeplatzgarantie-in-weiter-ferne","status":"publish","type":"post","link":"https:\/\/fdp-aktiv.de\/blog\/2022\/07\/15\/bayern-spitzer-bayern-koalition-versagt-beim-thema-pflege-pflegeplatzgarantie-in-weiter-ferne\/","title":{"rendered":"Bayern &#8211; SPITZER: Bayern-Koalition versagt beim Thema Pflege \u2013 Pflegeplatzgarantie in weiter Ferne"},"content":{"rendered":"<p>Zu Beginn der Legislatur 2018 verankerten CSU und Freie W\u00e4hler die sogenannte Pflegeplatzgarantie im Koalitionsvertrag. Man wolle in den n\u00e4chsten f\u00fcnf Jahren einen Rechtsanspruch auf einen Pflegeplatz etablieren, so Ministerpr\u00e4sident Markus S\u00f6der damals. Wie das Gesundheitsministerium jetzt auf Anfrage der FDP-Landtagsfraktion einr\u00e4umen musste, ist die Entscheidung \u00fcber den Rechtsanspruch noch nicht einmal in Sicht. Die allgemeine St\u00e4rkung der Pflegeinfrastruktur habe Vorrang, hei\u00dft es. Dazu der gesundheits- und pflegepolitische Fraktionssprecher <strong>Dr. Dominik Spitzer<\/strong>:<\/p>\n<figure id=\"attachment_4260\" aria-describedby=\"caption-attachment-4260\" style=\"width: 800px\" class=\"wp-caption aligncenter\"><a href=\"https:\/\/fdp-aktiv.de\/blog\/wp-content\/uploads\/2022\/02\/Dominik_Spitzer_R8A5080-scaled.jpg\"><img loading=\"lazy\" decoding=\"async\" class=\"size-large wp-image-4260\" src=\"https:\/\/fdp-aktiv.de\/blog\/wp-content\/uploads\/2022\/02\/Dominik_Spitzer_R8A5080-1024x683.jpg\" alt=\"\" width=\"800\" height=\"534\" srcset=\"https:\/\/fdp-aktiv.de\/blog\/wp-content\/uploads\/2022\/02\/Dominik_Spitzer_R8A5080-1024x683.jpg 1024w, https:\/\/fdp-aktiv.de\/blog\/wp-content\/uploads\/2022\/02\/Dominik_Spitzer_R8A5080-300x200.jpg 300w, https:\/\/fdp-aktiv.de\/blog\/wp-content\/uploads\/2022\/02\/Dominik_Spitzer_R8A5080-768x512.jpg 768w, https:\/\/fdp-aktiv.de\/blog\/wp-content\/uploads\/2022\/02\/Dominik_Spitzer_R8A5080-1536x1024.jpg 1536w, https:\/\/fdp-aktiv.de\/blog\/wp-content\/uploads\/2022\/02\/Dominik_Spitzer_R8A5080-2048x1365.jpg 2048w\" sizes=\"auto, (max-width: 800px) 100vw, 800px\" \/><\/a><figcaption id=\"caption-attachment-4260\" class=\"wp-caption-text\">Dr. Dominik Spitzer<\/figcaption><\/figure>\n<p>\u201eSeit vier Jahren versagt die Bayern-Koalition beim Thema Pflege. Seit vier Jahren fantasiert Ministerpr\u00e4sident S\u00f6der medienwirksam von \u201aBayern als Pflegeland Nummer eins\u2018. Doch bis auf ein paar Placebos wie dem Landespflegegeld hat die Staatsregierung seither kaum etwas gegen die sich anbahnende Pflegekatastrophe unternommen. Es war von Anfang an klar, dass eine Pflegeplatzgarantie in Zeiten des Fachkr\u00e4ftemangels nicht einmal das Papier wert ist, auf dem sie steht.<\/p>\n<p>Gesundheitsminister Holetschek muss jetzt endlich in Bayern die Z\u00fcgel in die Hand nehmen, anstatt st\u00e4ndig nur nach dem Bund zu rufen. Ob die Aufwertung neuartiger Versorgungsformen oder eine massive Entb\u00fcrokratisierung: In unserer liberalen Pflegeagenda haben wir als FDP-Fraktion zahlreiche konkrete Ideen zur Verbesserung des Pflegesystems vorgelegt. Herr Holetschek kann sich sehr gerne bedienen.\u201c<\/p>\n<p><strong>Hier finden Sie:<\/strong><\/p>\n<ul>\n<li><a href=\"https:\/\/www.fdpltby.de\/sites\/default\/files\/resolutions\/2022-07\/Spitzer.pdf\">die AzP zur bayerischen Pflegeplatzgarantie<\/a><\/li>\n<\/ul>\n","protected":false},"excerpt":{"rendered":"<p>Zu Beginn der Legislatur 2018 verankerten CSU und Freie W\u00e4hler die sogenannte Pflegeplatzgarantie im Koalitionsvertrag. Man wolle in den n\u00e4chsten f\u00fcnf Jahren einen Rechtsanspruch auf einen Pflegeplatz etablieren, so Ministerpr\u00e4sident [&#8230;]<\/p>\n","protected":false},"author":1,"featured_media":0,"comment_status":"open","ping_status":"closed","sticky":false,"template":"","format":"standard","meta":{"footnotes":""},"categories":[207],"tags":[1936,322,967],"class_list":["post-6245","post","type-post","status-publish","format-standard","hentry","category-familie-wohnen","tag-dr-dominik-spitzer","tag-fdp-bayern","tag-pflege"],"_links":{"self":[{"href":"https:\/\/fdp-aktiv.de\/blog\/wp-json\/wp\/v2\/posts\/6245","targetHints":{"allow":["GET"]}}],"collection":[{"href":"https:\/\/fdp-aktiv.de\/blog\/wp-json\/wp\/v2\/posts"}],"about":[{"href":"https:\/\/fdp-aktiv.de\/blog\/wp-json\/wp\/v2\/types\/post"}],"author":[{"embeddable":true,"href":"https:\/\/fdp-aktiv.de\/blog\/wp-json\/wp\/v2\/users\/1"}],"replies":[{"embeddable":true,"href":"https:\/\/fdp-aktiv.de\/blog\/wp-json\/wp\/v2\/comments?post=6245"}],"version-history":[{"count":1,"href":"https:\/\/fdp-aktiv.de\/blog\/wp-json\/wp\/v2\/posts\/6245\/revisions"}],"predecessor-version":[{"id":6246,"href":"https:\/\/fdp-aktiv.de\/blog\/wp-json\/wp\/v2\/posts\/6245\/revisions\/6246"}],"wp:attachment":[{"href":"https:\/\/fdp-aktiv.de\/blog\/wp-json\/wp\/v2\/media?parent=6245"}],"wp:term":[{"taxonomy":"category","embeddable":true,"href":"https:\/\/fdp-aktiv.de\/blog\/wp-json\/wp\/v2\/categories?post=6245"},{"taxonomy":"post_tag","embeddable":true,"href":"https:\/\/fdp-aktiv.de\/blog\/wp-json\/wp\/v2\/tags?post=6245"}],"curies":[{"name":"wp","href":"https:\/\/api.w.org\/{rel}","templated":true}]}}