{"id":6247,"date":"2022-07-15T18:05:06","date_gmt":"2022-07-15T16:05:06","guid":{"rendered":"https:\/\/fdp-aktiv.de\/blog\/?p=6247"},"modified":"2022-07-15T18:06:46","modified_gmt":"2022-07-15T16:06:46","slug":"hessen-promny-freie-demokraten-fordern-groessere-anstrengungen-fuer-die-berufsorientierung","status":"publish","type":"post","link":"https:\/\/fdp-aktiv.de\/blog\/2022\/07\/15\/hessen-promny-freie-demokraten-fordern-groessere-anstrengungen-fuer-die-berufsorientierung\/","title":{"rendered":"Hessen &#8211; PROMNY: Freie Demokraten fordern gr\u00f6\u00dfere Anstrengungen f\u00fcr die Berufsorientierung"},"content":{"rendered":"<div class=\"clearfix text-formatted field field--name-body field--type-text-with-summary field--label-hidden field__item\">\n<ul>\n<li><strong>Schwarz-Gr\u00fcn geht Kernherausforderungen nicht an<\/strong><\/li>\n<li><strong>Schwerpunkt auf qualitativ hochwertige Ausbildung legen<\/strong><\/li>\n<\/ul>\n<p>Moritz PROMNY, bildungspolitischer Sprecher der Freien Demokraten im Hessischen Landtag, hat von der Landesregierung gr\u00f6\u00dfere Anstrengungen f\u00fcr die Berufsorientierung junger Menschen gefordert. Das von Schwarz-Gr\u00fcn heute im Landtag zur Schau gestellte Projekt eines Informations- und Mitmachangebots zur beruflichen Orientierung an Schulen gehe die Kernherausforderungen nicht an. \u201eBerufliche Bildung muss Ausbildungsm\u00f6glichkeiten bieten, die f\u00fcr Sch\u00fclerinnen und Sch\u00fcler attraktiv sind, und sie muss Kompetenzen vermitteln, die auf dem Arbeitsmarkt nachgefragt sind\u201c, erkl\u00e4rt Promny. Er fordert eine breiter angelegte Berufsorientierung inklusive st\u00e4rkerer Verankerung in der Elternarbeit. \u201eKarrierechancen m\u00fcssen aufgezeigt und M\u00f6glichkeiten der Weiterqualifizierung bekannter gemacht werden. Dar\u00fcber hinaus braucht\u00a0die Berufsorientierung mehr Raum im Studium der Lehrkr\u00e4fte\u201c, erkl\u00e4rt Promny.<\/p>\n<figure id=\"attachment_4246\" aria-describedby=\"caption-attachment-4246\" style=\"width: 800px\" class=\"wp-caption aligncenter\"><a href=\"https:\/\/fdp-aktiv.de\/blog\/wp-content\/uploads\/2022\/02\/2019.02.26_FDP_MoritzPromny-1_LD.jpg\"><img loading=\"lazy\" decoding=\"async\" class=\"size-large wp-image-4246\" src=\"https:\/\/fdp-aktiv.de\/blog\/wp-content\/uploads\/2022\/02\/2019.02.26_FDP_MoritzPromny-1_LD-1024x684.jpg\" alt=\"\" width=\"800\" height=\"534\" srcset=\"https:\/\/fdp-aktiv.de\/blog\/wp-content\/uploads\/2022\/02\/2019.02.26_FDP_MoritzPromny-1_LD-1024x684.jpg 1024w, https:\/\/fdp-aktiv.de\/blog\/wp-content\/uploads\/2022\/02\/2019.02.26_FDP_MoritzPromny-1_LD-300x200.jpg 300w, https:\/\/fdp-aktiv.de\/blog\/wp-content\/uploads\/2022\/02\/2019.02.26_FDP_MoritzPromny-1_LD-768x513.jpg 768w, https:\/\/fdp-aktiv.de\/blog\/wp-content\/uploads\/2022\/02\/2019.02.26_FDP_MoritzPromny-1_LD-1536x1025.jpg 1536w, https:\/\/fdp-aktiv.de\/blog\/wp-content\/uploads\/2022\/02\/2019.02.26_FDP_MoritzPromny-1_LD.jpg 2048w\" sizes=\"auto, (max-width: 800px) 100vw, 800px\" \/><\/a><figcaption id=\"caption-attachment-4246\" class=\"wp-caption-text\">Moritz Promny<\/figcaption><\/figure>\n<p>Er erg\u00e4nzt: \u201eDar\u00fcber hinaus m\u00fcssen au\u00dferschulische Angebote der Berufsorientierung gest\u00e4rkt werden. So k\u00f6nnte Schulen beispielsweise ein eigenverantwortliches Budget zur Berufsorientierung zur Verf\u00fcgung gestellt werden, das sie f\u00fcr unterschiedliche Ma\u00dfnahmen einsetzen k\u00f6nnen. Hilfreich w\u00e4re auch eine Handreichung mit Unterrichtseinheiten f\u00fcr unterschiedliche Jahrgangsstufen.\u201c Ebenso solle auch ein Schwerpunkt auf eine qualitativ hochwertige Ausbildung gelegt werden. \u201eMit dem Prozess \u201azukunftsf\u00e4hige Berufsschule\u2018 h\u00e4tte man hierauf einen Schwerpunkt legen k\u00f6nnen\u201c, meint Promny.<\/p>\n<\/div>\n","protected":false},"excerpt":{"rendered":"<p>Schwarz-Gr\u00fcn geht Kernherausforderungen nicht an Schwerpunkt auf qualitativ hochwertige Ausbildung legen Moritz PROMNY, bildungspolitischer Sprecher der Freien Demokraten im Hessischen Landtag, hat von der Landesregierung gr\u00f6\u00dfere Anstrengungen f\u00fcr die Berufsorientierung [&#8230;]<\/p>\n","protected":false},"author":1,"featured_media":0,"comment_status":"open","ping_status":"closed","sticky":false,"template":"","format":"standard","meta":{"footnotes":""},"categories":[34],"tags":[2531,635,893],"class_list":["post-6247","post","type-post","status-publish","format-standard","hentry","category-bildung","tag-berufsorientierung","tag-fdp-hessen","tag-moritz-promny"],"_links":{"self":[{"href":"https:\/\/fdp-aktiv.de\/blog\/wp-json\/wp\/v2\/posts\/6247","targetHints":{"allow":["GET"]}}],"collection":[{"href":"https:\/\/fdp-aktiv.de\/blog\/wp-json\/wp\/v2\/posts"}],"about":[{"href":"https:\/\/fdp-aktiv.de\/blog\/wp-json\/wp\/v2\/types\/post"}],"author":[{"embeddable":true,"href":"https:\/\/fdp-aktiv.de\/blog\/wp-json\/wp\/v2\/users\/1"}],"replies":[{"embeddable":true,"href":"https:\/\/fdp-aktiv.de\/blog\/wp-json\/wp\/v2\/comments?post=6247"}],"version-history":[{"count":2,"href":"https:\/\/fdp-aktiv.de\/blog\/wp-json\/wp\/v2\/posts\/6247\/revisions"}],"predecessor-version":[{"id":6249,"href":"https:\/\/fdp-aktiv.de\/blog\/wp-json\/wp\/v2\/posts\/6247\/revisions\/6249"}],"wp:attachment":[{"href":"https:\/\/fdp-aktiv.de\/blog\/wp-json\/wp\/v2\/media?parent=6247"}],"wp:term":[{"taxonomy":"category","embeddable":true,"href":"https:\/\/fdp-aktiv.de\/blog\/wp-json\/wp\/v2\/categories?post=6247"},{"taxonomy":"post_tag","embeddable":true,"href":"https:\/\/fdp-aktiv.de\/blog\/wp-json\/wp\/v2\/tags?post=6247"}],"curies":[{"name":"wp","href":"https:\/\/api.w.org\/{rel}","templated":true}]}}