{"id":6339,"date":"2022-07-21T17:43:59","date_gmt":"2022-07-21T15:43:59","guid":{"rendered":"https:\/\/fdp-aktiv.de\/blog\/?p=6339"},"modified":"2022-07-21T17:44:14","modified_gmt":"2022-07-21T15:44:14","slug":"meyer-zeiten-des-ultra-billigen-geldes-enden","status":"publish","type":"post","link":"https:\/\/fdp-aktiv.de\/blog\/2022\/07\/21\/meyer-zeiten-des-ultra-billigen-geldes-enden\/","title":{"rendered":"MEYER: Zeiten des ultra-billigen Geldes enden"},"content":{"rendered":"<div class=\"clearfix text-formatted field field--name-body field--type-text-with-summary field--label-hidden field__item\">\n<p>Zur Erh\u00f6hung des Leitzinses durch die EZB erkl\u00e4rt der stellvertretende FDP-Fraktionsvorsitzende Christoph Meyer:<\/p>\n<figure id=\"attachment_5300\" aria-describedby=\"caption-attachment-5300\" style=\"width: 683px\" class=\"wp-caption aligncenter\"><a href=\"https:\/\/fdp-aktiv.de\/blog\/wp-content\/uploads\/2022\/04\/Christoph_Meyer_FDP-scaled.jpg\"><img loading=\"lazy\" decoding=\"async\" class=\"size-large wp-image-5300\" src=\"https:\/\/fdp-aktiv.de\/blog\/wp-content\/uploads\/2022\/04\/Christoph_Meyer_FDP-683x1024.jpg\" alt=\"\" width=\"683\" height=\"1024\" srcset=\"https:\/\/fdp-aktiv.de\/blog\/wp-content\/uploads\/2022\/04\/Christoph_Meyer_FDP-683x1024.jpg 683w, https:\/\/fdp-aktiv.de\/blog\/wp-content\/uploads\/2022\/04\/Christoph_Meyer_FDP-200x300.jpg 200w, https:\/\/fdp-aktiv.de\/blog\/wp-content\/uploads\/2022\/04\/Christoph_Meyer_FDP-768x1152.jpg 768w, https:\/\/fdp-aktiv.de\/blog\/wp-content\/uploads\/2022\/04\/Christoph_Meyer_FDP-1024x1536.jpg 1024w, https:\/\/fdp-aktiv.de\/blog\/wp-content\/uploads\/2022\/04\/Christoph_Meyer_FDP-1365x2048.jpg 1365w, https:\/\/fdp-aktiv.de\/blog\/wp-content\/uploads\/2022\/04\/Christoph_Meyer_FDP-scaled.jpg 1707w\" sizes=\"auto, (max-width: 683px) 100vw, 683px\" \/><\/a><figcaption id=\"caption-attachment-5300\" class=\"wp-caption-text\">Christoph Mayer, FDP<\/figcaption><\/figure>\n<p>\u201eAngesichts einer Inflationsrate von 8,6 Prozent in der Eurozone ist die Leitzinserh\u00f6hung der Europ\u00e4ischen Zentralbank (EZB) ein erster richtiger Schritt. Die hohe Inflation f\u00fchrt bei den B\u00fcrgerinnen und B\u00fcrgern zu Wohlstandsverlusten, die sie jeden Tag beim Bezahlen zu sp\u00fcren bekommen. Die EZB hat bisher zu z\u00f6gerlich gehandelt. Deshalb muss die EZB ihr origin\u00e4res Mandat wahrnehmen und weitere entschlossene Schritte gehen. Die Zeiten des ultra-billigen Geldes enden damit. Mit Skepsis sehen wir hingegen die Ma\u00dfnahmen der EZB in Bezug auf das Transmission Protection Instrument. Die EZB sollte sich auf ihr Mandat konzentrieren: die Preisstabilit\u00e4t.<\/p>\n<p>Die Erh\u00f6hung des Leitzinses ist ein klares Signal, dass wir im kommenden Jahr zur Einhaltung der Schuldenbremse zur\u00fcckkehren m\u00fcssen. Bereits 2023 werden wir im Bundeshaushalt bis zu 30 Mrd. Euro f\u00fcr Zinsen statt f\u00fcr Zukunftsinvestitionen ausgeben m\u00fcssen. Zudem darf der Staat die Bem\u00fchungen der EZB zur Eind\u00e4mmung der hohen Inflation nicht durch eine steigende Staatsnachfrage konterkarieren. Die Einhaltung der Schuldenbremse verhindert, dass der Staat selbst zu einem Treiber der Inflation wird.\u201c<\/p>\n<\/div>\n","protected":false},"excerpt":{"rendered":"<p>Zur Erh\u00f6hung des Leitzinses durch die EZB erkl\u00e4rt der stellvertretende FDP-Fraktionsvorsitzende Christoph Meyer: \u201eAngesichts einer Inflationsrate von 8,6 Prozent in der Eurozone ist die Leitzinserh\u00f6hung der Europ\u00e4ischen Zentralbank (EZB) ein [&#8230;]<\/p>\n","protected":false},"author":1,"featured_media":0,"comment_status":"open","ping_status":"closed","sticky":false,"template":"","format":"standard","meta":{"footnotes":""},"categories":[55],"tags":[2322,1351,2549,2550],"class_list":["post-6339","post","type-post","status-publish","format-standard","hentry","category-finanzen","tag-christoph-meyer","tag-ezb","tag-leitzins","tag-zinspolitik"],"_links":{"self":[{"href":"https:\/\/fdp-aktiv.de\/blog\/wp-json\/wp\/v2\/posts\/6339","targetHints":{"allow":["GET"]}}],"collection":[{"href":"https:\/\/fdp-aktiv.de\/blog\/wp-json\/wp\/v2\/posts"}],"about":[{"href":"https:\/\/fdp-aktiv.de\/blog\/wp-json\/wp\/v2\/types\/post"}],"author":[{"embeddable":true,"href":"https:\/\/fdp-aktiv.de\/blog\/wp-json\/wp\/v2\/users\/1"}],"replies":[{"embeddable":true,"href":"https:\/\/fdp-aktiv.de\/blog\/wp-json\/wp\/v2\/comments?post=6339"}],"version-history":[{"count":1,"href":"https:\/\/fdp-aktiv.de\/blog\/wp-json\/wp\/v2\/posts\/6339\/revisions"}],"predecessor-version":[{"id":6340,"href":"https:\/\/fdp-aktiv.de\/blog\/wp-json\/wp\/v2\/posts\/6339\/revisions\/6340"}],"wp:attachment":[{"href":"https:\/\/fdp-aktiv.de\/blog\/wp-json\/wp\/v2\/media?parent=6339"}],"wp:term":[{"taxonomy":"category","embeddable":true,"href":"https:\/\/fdp-aktiv.de\/blog\/wp-json\/wp\/v2\/categories?post=6339"},{"taxonomy":"post_tag","embeddable":true,"href":"https:\/\/fdp-aktiv.de\/blog\/wp-json\/wp\/v2\/tags?post=6339"}],"curies":[{"name":"wp","href":"https:\/\/api.w.org\/{rel}","templated":true}]}}