{"id":6346,"date":"2022-07-23T09:23:36","date_gmt":"2022-07-23T07:23:36","guid":{"rendered":"https:\/\/fdp-aktiv.de\/blog\/?p=6346"},"modified":"2022-07-23T09:23:36","modified_gmt":"2022-07-23T07:23:36","slug":"mucker-g9-auch-auf-klassenstufen-6-8-ausweiten","status":"publish","type":"post","link":"https:\/\/fdp-aktiv.de\/blog\/2022\/07\/23\/mucker-g9-auch-auf-klassenstufen-6-8-ausweiten\/","title":{"rendered":"Mucker: G9 auch auf Klassenstufen 6-8 ausweiten"},"content":{"rendered":"<p>Die FDP Saar stellt die Entscheidung der Landesregierung in Frage, nur die neuen Klassen 5 und 6 nach dem G9-Modell zu unterrichten. Auch die Klassen 6-8 sollen im neunj\u00e4hrigen Gymnasialstrang unterrichtet werden.<\/p>\n<figure id=\"attachment_2866\" aria-describedby=\"caption-attachment-2866\" style=\"width: 800px\" class=\"wp-caption aligncenter\"><a href=\"https:\/\/fdp-aktiv.de\/blog\/wp-content\/uploads\/2021\/10\/classroom-2093744_1920.jpg\"><img loading=\"lazy\" decoding=\"async\" class=\"size-large wp-image-2866\" src=\"https:\/\/fdp-aktiv.de\/blog\/wp-content\/uploads\/2021\/10\/classroom-2093744_1920-1024x732.jpg\" alt=\"\" width=\"800\" height=\"572\" srcset=\"https:\/\/fdp-aktiv.de\/blog\/wp-content\/uploads\/2021\/10\/classroom-2093744_1920-1024x732.jpg 1024w, https:\/\/fdp-aktiv.de\/blog\/wp-content\/uploads\/2021\/10\/classroom-2093744_1920-300x214.jpg 300w, https:\/\/fdp-aktiv.de\/blog\/wp-content\/uploads\/2021\/10\/classroom-2093744_1920-768x549.jpg 768w, https:\/\/fdp-aktiv.de\/blog\/wp-content\/uploads\/2021\/10\/classroom-2093744_1920-1536x1098.jpg 1536w, https:\/\/fdp-aktiv.de\/blog\/wp-content\/uploads\/2021\/10\/classroom-2093744_1920.jpg 1920w\" sizes=\"auto, (max-width: 800px) 100vw, 800px\" \/><\/a><figcaption id=\"caption-attachment-2866\" class=\"wp-caption-text\">Bild von Wokandapix auf Pixabay<\/figcaption><\/figure>\n<p>Der Stv. Landesvorsitzende Marcel Mucker: \u201eEs ist nicht zu verstehen, warum ausschlie\u00dflich die neuen 5. und 6. Klassen im 9-j\u00e4hrigen Modell gef\u00fchrt werden sollen. Die Vertiefung des Lernstoffes sollte vielmehr m\u00f6glichst vielen Jahrg\u00e4ngen angeboten werden. Gerade bei Wiederholern in den Stufen dar\u00fcber entsteht andernfalls eine gro\u00dfe Unsicherheit, ob sie in einem Wiederholungsfall weiter nach dem 8- oder dann dem 9-j\u00e4hrigen Modell behandelt werden. Zudem wird ein ung\u00fcnstiger Anreiz gesetzt eine freiwillige Zur\u00fcckstellung in die 6. Klasse vorzunehmen, um nach G9 lernen zu k\u00f6nnen.\u201c<\/p>\n<p>\u201eNebenbei erzeugt dieses Modell kurzfristig Einsparungen f\u00fcr den Landeshaushalt, da im G9-Strang zun\u00e4chst weniger Wochenstunden in den Stufen der Sekundarstufe I anfallen\u201c, so Mucker weiter.<\/p>\n","protected":false},"excerpt":{"rendered":"<p>Die FDP Saar stellt die Entscheidung der Landesregierung in Frage, nur die neuen Klassen 5 und 6 nach dem G9-Modell zu unterrichten. Auch die Klassen 6-8 sollen im neunj\u00e4hrigen Gymnasialstrang [&#8230;]<\/p>\n","protected":false},"author":1,"featured_media":0,"comment_status":"open","ping_status":"closed","sticky":false,"template":"","format":"standard","meta":{"footnotes":""},"categories":[34],"tags":[708,2252,1597],"class_list":["post-6346","post","type-post","status-publish","format-standard","hentry","category-bildung","tag-fdp-saar","tag-g9","tag-marcel-mucker"],"_links":{"self":[{"href":"https:\/\/fdp-aktiv.de\/blog\/wp-json\/wp\/v2\/posts\/6346","targetHints":{"allow":["GET"]}}],"collection":[{"href":"https:\/\/fdp-aktiv.de\/blog\/wp-json\/wp\/v2\/posts"}],"about":[{"href":"https:\/\/fdp-aktiv.de\/blog\/wp-json\/wp\/v2\/types\/post"}],"author":[{"embeddable":true,"href":"https:\/\/fdp-aktiv.de\/blog\/wp-json\/wp\/v2\/users\/1"}],"replies":[{"embeddable":true,"href":"https:\/\/fdp-aktiv.de\/blog\/wp-json\/wp\/v2\/comments?post=6346"}],"version-history":[{"count":1,"href":"https:\/\/fdp-aktiv.de\/blog\/wp-json\/wp\/v2\/posts\/6346\/revisions"}],"predecessor-version":[{"id":6347,"href":"https:\/\/fdp-aktiv.de\/blog\/wp-json\/wp\/v2\/posts\/6346\/revisions\/6347"}],"wp:attachment":[{"href":"https:\/\/fdp-aktiv.de\/blog\/wp-json\/wp\/v2\/media?parent=6346"}],"wp:term":[{"taxonomy":"category","embeddable":true,"href":"https:\/\/fdp-aktiv.de\/blog\/wp-json\/wp\/v2\/categories?post=6346"},{"taxonomy":"post_tag","embeddable":true,"href":"https:\/\/fdp-aktiv.de\/blog\/wp-json\/wp\/v2\/tags?post=6346"}],"curies":[{"name":"wp","href":"https:\/\/api.w.org\/{rel}","templated":true}]}}