{"id":6359,"date":"2022-07-25T13:10:05","date_gmt":"2022-07-25T11:10:05","guid":{"rendered":"https:\/\/fdp-aktiv.de\/blog\/?p=6359"},"modified":"2022-07-25T13:10:05","modified_gmt":"2022-07-25T11:10:05","slug":"isringhaus-fdp-aktueller-pflegenotstand-wird-durch-betretungsverbot-von-pflegekraeften-ohne-impfung-verschaerft","status":"publish","type":"post","link":"https:\/\/fdp-aktiv.de\/blog\/2022\/07\/25\/isringhaus-fdp-aktueller-pflegenotstand-wird-durch-betretungsverbot-von-pflegekraeften-ohne-impfung-verschaerft\/","title":{"rendered":"Isringhaus (FDP): Aktueller Pflegenotstand wird durch Betretungsverbot von Pflegekr\u00e4ften ohne Impfung versch\u00e4rft."},"content":{"rendered":"<div class=\"clearfix text-formatted field field--name-field-body field--type-text-long field--label-hidden field__item\">\n<p>Gesundheitsminister Magnus Jung hat in einer Veranstaltung die Vollstreckung von Betretungsverboten f\u00fcr Mitarbeiter im Gesundheitswesen angek\u00fcndigt und dies mit der bundeseinheitlichen Gesetzeslage begr\u00fcndet.<\/p>\n<figure id=\"attachment_1471\" aria-describedby=\"caption-attachment-1471\" style=\"width: 768px\" class=\"wp-caption aligncenter\"><a href=\"https:\/\/fdp-aktiv.de\/blog\/wp-content\/uploads\/2021\/05\/Dr.Isringhaus-768x445-1.jpg\"><img loading=\"lazy\" decoding=\"async\" class=\"size-full wp-image-1471\" src=\"https:\/\/fdp-aktiv.de\/blog\/wp-content\/uploads\/2021\/05\/Dr.Isringhaus-768x445-1.jpg\" alt=\"Dr. Helmut Isringhaus\" width=\"768\" height=\"445\" srcset=\"https:\/\/fdp-aktiv.de\/blog\/wp-content\/uploads\/2021\/05\/Dr.Isringhaus-768x445-1.jpg 768w, https:\/\/fdp-aktiv.de\/blog\/wp-content\/uploads\/2021\/05\/Dr.Isringhaus-768x445-1-300x174.jpg 300w\" sizes=\"auto, (max-width: 768px) 100vw, 768px\" \/><\/a><figcaption id=\"caption-attachment-1471\" class=\"wp-caption-text\">Dr. Helmut Isringhaus<\/figcaption><\/figure>\n<p>Dazu der stellvertretende Landesvorsitzende der FDP\u00a0Dr. Helmut Isringhaus:\u00a0\u201eDie Umsetzung des\u00a0Gesetzes zur einrichtungsbezogenen Impfpflicht ist\u00a0in Deutschland uneinheitlich.\u00a0Die Vollstreckung der Betretungsverbote ist eine \u201eKann-Regelung\u201c.\u00a0Es steht im Ermessen des Gesundheitsamtes, ob ein\u00a0Verbot\u00a0ausgesprochen werden soll.<\/p>\n<p>Insofern ist die \u00c4u\u00dferung des Ministers zumindest irref\u00fchrend und sollte korrigiert werden.\u00a0Da ein massiver Mangel an medizinischem Personal besteht,\u00a0sollte von den Verantwortlichen gut abgewogen werden, ob ein\u00a0solches Beh\u00f6rdenhandeln den Mangel nicht noch weiter verschlimmert.\u201c<\/p>\n<\/div>\n","protected":false},"excerpt":{"rendered":"<p>Gesundheitsminister Magnus Jung hat in einer Veranstaltung die Vollstreckung von Betretungsverboten f\u00fcr Mitarbeiter im Gesundheitswesen angek\u00fcndigt und dies mit der bundeseinheitlichen Gesetzeslage begr\u00fcndet. Dazu der stellvertretende Landesvorsitzende der FDP\u00a0Dr. Helmut [&#8230;]<\/p>\n","protected":false},"author":1,"featured_media":0,"comment_status":"open","ping_status":"closed","sticky":false,"template":"","format":"standard","meta":{"footnotes":""},"categories":[4,123],"tags":[16,707,20,967,72],"class_list":["post-6359","post","type-post","status-publish","format-standard","hentry","category-covid-19","category-gesundheit","tag-corona","tag-dr-helmut-isringhaus","tag-impfung","tag-pflege","tag-pflegekraefte"],"_links":{"self":[{"href":"https:\/\/fdp-aktiv.de\/blog\/wp-json\/wp\/v2\/posts\/6359","targetHints":{"allow":["GET"]}}],"collection":[{"href":"https:\/\/fdp-aktiv.de\/blog\/wp-json\/wp\/v2\/posts"}],"about":[{"href":"https:\/\/fdp-aktiv.de\/blog\/wp-json\/wp\/v2\/types\/post"}],"author":[{"embeddable":true,"href":"https:\/\/fdp-aktiv.de\/blog\/wp-json\/wp\/v2\/users\/1"}],"replies":[{"embeddable":true,"href":"https:\/\/fdp-aktiv.de\/blog\/wp-json\/wp\/v2\/comments?post=6359"}],"version-history":[{"count":1,"href":"https:\/\/fdp-aktiv.de\/blog\/wp-json\/wp\/v2\/posts\/6359\/revisions"}],"predecessor-version":[{"id":6360,"href":"https:\/\/fdp-aktiv.de\/blog\/wp-json\/wp\/v2\/posts\/6359\/revisions\/6360"}],"wp:attachment":[{"href":"https:\/\/fdp-aktiv.de\/blog\/wp-json\/wp\/v2\/media?parent=6359"}],"wp:term":[{"taxonomy":"category","embeddable":true,"href":"https:\/\/fdp-aktiv.de\/blog\/wp-json\/wp\/v2\/categories?post=6359"},{"taxonomy":"post_tag","embeddable":true,"href":"https:\/\/fdp-aktiv.de\/blog\/wp-json\/wp\/v2\/tags?post=6359"}],"curies":[{"name":"wp","href":"https:\/\/api.w.org\/{rel}","templated":true}]}}