{"id":6414,"date":"2022-07-29T15:07:08","date_gmt":"2022-07-29T13:07:08","guid":{"rendered":"https:\/\/fdp-aktiv.de\/blog\/?p=6414"},"modified":"2022-07-29T15:07:47","modified_gmt":"2022-07-29T13:07:47","slug":"kober-arbeitslosigkeit-durch-bessere-vermittlung-und-nachhaltige-qualifizierung-senken","status":"publish","type":"post","link":"https:\/\/fdp-aktiv.de\/blog\/2022\/07\/29\/kober-arbeitslosigkeit-durch-bessere-vermittlung-und-nachhaltige-qualifizierung-senken\/","title":{"rendered":"KOBER: Arbeitslosigkeit durch bessere Vermittlung und nachhaltige Qualifizierung senken"},"content":{"rendered":"<div class=\"clearfix text-formatted field field--name-body field--type-text-with-summary field--label-hidden field__item\">\n<p>Zu den aktuellen Arbeitsmarktzahlen erkl\u00e4rt der arbeitsmarkt- und sozialpolitische Sprecher der FDP-Fraktion Pascal Kober:<\/p>\n<figure id=\"attachment_3744\" aria-describedby=\"caption-attachment-3744\" style=\"width: 800px\" class=\"wp-caption aligncenter\"><a href=\"https:\/\/fdp-aktiv.de\/blog\/wp-content\/uploads\/2022\/01\/Pascal_Kober_FDP.jpg\"><img loading=\"lazy\" decoding=\"async\" class=\"size-large wp-image-3744\" src=\"https:\/\/fdp-aktiv.de\/blog\/wp-content\/uploads\/2022\/01\/Pascal_Kober_FDP-1024x768.jpg\" alt=\"Pascal_Kober_FDP\" width=\"800\" height=\"600\" srcset=\"https:\/\/fdp-aktiv.de\/blog\/wp-content\/uploads\/2022\/01\/Pascal_Kober_FDP-1024x768.jpg 1024w, https:\/\/fdp-aktiv.de\/blog\/wp-content\/uploads\/2022\/01\/Pascal_Kober_FDP-300x225.jpg 300w, https:\/\/fdp-aktiv.de\/blog\/wp-content\/uploads\/2022\/01\/Pascal_Kober_FDP-768x576.jpg 768w, https:\/\/fdp-aktiv.de\/blog\/wp-content\/uploads\/2022\/01\/Pascal_Kober_FDP-1536x1151.jpg 1536w, https:\/\/fdp-aktiv.de\/blog\/wp-content\/uploads\/2022\/01\/Pascal_Kober_FDP.jpg 2048w\" sizes=\"auto, (max-width: 800px) 100vw, 800px\" \/><\/a><figcaption id=\"caption-attachment-3744\" class=\"wp-caption-text\">Pascal Kober, FDP<\/figcaption><\/figure>\n<p>\u201eDie Zunahme der Arbeitslosenzahlen ist entscheidend auf die statistische Erfassung ukrainischer Gefl\u00fcchteter zur\u00fcck zu f\u00fchren. Dennoch verfestigt sich die Arbeitslosigkeit. Da m\u00fcssen wir besser werden. Wir wollen nicht nur, dass die Arbeitslosigkeit nicht steigt, sondern sinkt. Die FDP-Fraktion setzt daf\u00fcr auf die Vermittlung in Arbeit und die nachhaltige Qualifizierung von Arbeitslosen. Hierzu bedarf es einer \u00dcberarbeitung und Weiterentwicklung der vorhandenen F\u00f6rderprogramme. Dies sollte Bundesarbeitsminister Heil bei der Einf\u00fchrung des B\u00fcrgergeldes ber\u00fccksichtigen. Dar\u00fcber hinaus er\u00f6ffnet die r\u00fcckl\u00e4ufige Entwicklung bei den Bewerberinnen und Bewerbern um einen Ausbildungsplatz eine Chance f\u00fcr Jugendliche, die bisher als chancenlos galten. Die gezielte F\u00f6rderung benachteiligter Jugendlichen durch die Jobcenter ist Teil des Koalitionsvertrages, in den B\u00fcrgergeld-Pl\u00e4nen des Ministers aber bisher noch nicht ber\u00fccksichtigt. Die FDP-Fraktion legt Wert darauf, dass hier nachgebessert wird.\u201c<\/p>\n<\/div>\n","protected":false},"excerpt":{"rendered":"<p>Zu den aktuellen Arbeitsmarktzahlen erkl\u00e4rt der arbeitsmarkt- und sozialpolitische Sprecher der FDP-Fraktion Pascal Kober: \u201eDie Zunahme der Arbeitslosenzahlen ist entscheidend auf die statistische Erfassung ukrainischer Gefl\u00fcchteter zur\u00fcck zu f\u00fchren. Dennoch [&#8230;]<\/p>\n","protected":false},"author":1,"featured_media":0,"comment_status":"open","ping_status":"closed","sticky":false,"template":"","format":"standard","meta":{"footnotes":""},"categories":[34,8],"tags":[2517,158,2564],"class_list":["post-6414","post","type-post","status-publish","format-standard","hentry","category-bildung","category-wirtschaft","tag-arbeitslosigkeit","tag-bildung","tag-qualifizierung"],"_links":{"self":[{"href":"https:\/\/fdp-aktiv.de\/blog\/wp-json\/wp\/v2\/posts\/6414","targetHints":{"allow":["GET"]}}],"collection":[{"href":"https:\/\/fdp-aktiv.de\/blog\/wp-json\/wp\/v2\/posts"}],"about":[{"href":"https:\/\/fdp-aktiv.de\/blog\/wp-json\/wp\/v2\/types\/post"}],"author":[{"embeddable":true,"href":"https:\/\/fdp-aktiv.de\/blog\/wp-json\/wp\/v2\/users\/1"}],"replies":[{"embeddable":true,"href":"https:\/\/fdp-aktiv.de\/blog\/wp-json\/wp\/v2\/comments?post=6414"}],"version-history":[{"count":1,"href":"https:\/\/fdp-aktiv.de\/blog\/wp-json\/wp\/v2\/posts\/6414\/revisions"}],"predecessor-version":[{"id":6415,"href":"https:\/\/fdp-aktiv.de\/blog\/wp-json\/wp\/v2\/posts\/6414\/revisions\/6415"}],"wp:attachment":[{"href":"https:\/\/fdp-aktiv.de\/blog\/wp-json\/wp\/v2\/media?parent=6414"}],"wp:term":[{"taxonomy":"category","embeddable":true,"href":"https:\/\/fdp-aktiv.de\/blog\/wp-json\/wp\/v2\/categories?post=6414"},{"taxonomy":"post_tag","embeddable":true,"href":"https:\/\/fdp-aktiv.de\/blog\/wp-json\/wp\/v2\/tags?post=6414"}],"curies":[{"name":"wp","href":"https:\/\/api.w.org\/{rel}","templated":true}]}}