{"id":6429,"date":"2022-07-31T11:16:51","date_gmt":"2022-07-31T09:16:51","guid":{"rendered":"https:\/\/fdp-aktiv.de\/blog\/?p=6429"},"modified":"2022-07-31T11:16:51","modified_gmt":"2022-07-31T09:16:51","slug":"todtenhausen-handwerker-sind-ausgebildete-klimaschuetzer","status":"publish","type":"post","link":"https:\/\/fdp-aktiv.de\/blog\/2022\/07\/31\/todtenhausen-handwerker-sind-ausgebildete-klimaschuetzer\/","title":{"rendered":"TODTENHAUSEN: Handwerker sind ausgebildete Klimasch\u00fctzer"},"content":{"rendered":"<div class=\"clearfix text-formatted field field--name-body field--type-text-with-summary field--label-hidden field__item\">\n<p>Zum Start des neuen Ausbildungsjahres erkl\u00e4rt der handwerkspolitische Sprecher der FDP-Bundestagsfraktion Manfred Todtenhausen:<\/p>\n<figure id=\"attachment_1584\" aria-describedby=\"caption-attachment-1584\" style=\"width: 750px\" class=\"wp-caption aligncenter\"><a href=\"https:\/\/fdp-aktiv.de\/blog\/wp-content\/uploads\/2021\/06\/Manfred_Todtenhausen.png\"><img loading=\"lazy\" decoding=\"async\" class=\"size-full wp-image-1584\" src=\"https:\/\/fdp-aktiv.de\/blog\/wp-content\/uploads\/2021\/06\/Manfred_Todtenhausen.png\" alt=\"Manfred Todtenhausen\" width=\"750\" height=\"420\" srcset=\"https:\/\/fdp-aktiv.de\/blog\/wp-content\/uploads\/2021\/06\/Manfred_Todtenhausen.png 750w, https:\/\/fdp-aktiv.de\/blog\/wp-content\/uploads\/2021\/06\/Manfred_Todtenhausen-300x168.png 300w\" sizes=\"auto, (max-width: 750px) 100vw, 750px\" \/><\/a><figcaption id=\"caption-attachment-1584\" class=\"wp-caption-text\">Manfred Todtenhausen<\/figcaption><\/figure>\n<p>\u201eDas Handwerk bietet zum Beginn dieses Ausbildungsjahres mehr als 30.000 freie Ausbildungspl\u00e4tze an. Dabei wird nicht nur Nachwuchs f\u00fcr Fach- und F\u00fchrungskr\u00e4fte, sondern auch f\u00fcr 125.000 Betriebs\u00fcbernahmen gesucht. Mit einer abgeschlossenen Berufsausbildung k\u00f6nnen Berufsanf\u00e4nger im Handwerk den Grundstein f\u00fcr ein eigenes Unternehmen legen. Eine Ausbildung im Handwerk schafft Zukunft, f\u00fcr den Auszubildenden und die Gesellschaft insgesamt. Denn das Handwerk bildet das Fundament im Kampf gegen den Klimawandel. Wer in diesen Tagen auf einen Handwerker-Termin wartet, wei\u00df: Die Energie- und Mobilit\u00e4tswende wird nur mit gut ausgebildeten Handwerkern gelingen. Denn Handwerker sind ausgebildete Klimasch\u00fctzer: Sie verbinden hohe Qualit\u00e4t, \u201aMade in Germany\u2018 und Energieeffizienz und sch\u00fctzen so Umwelt und Klima. Dennoch hapert es noch an der gesellschaftlichen Anerkennung dieser so wichtigen Berufe. Die FDP-Fraktion setzt sich daher f\u00fcr eine bessere Gleichstellung von beruflicher und akademischer Bildung ein. Unser Weg in eine klimaneutrale Zukunft f\u00fchrt vor allem \u00fcber Geschick an der Werkbank oder auf der Baustelle.\u201c<\/p>\n<\/div>\n","protected":false},"excerpt":{"rendered":"<p>Zum Start des neuen Ausbildungsjahres erkl\u00e4rt der handwerkspolitische Sprecher der FDP-Bundestagsfraktion Manfred Todtenhausen: \u201eDas Handwerk bietet zum Beginn dieses Ausbildungsjahres mehr als 30.000 freie Ausbildungspl\u00e4tze an. Dabei wird nicht nur [&#8230;]<\/p>\n","protected":false},"author":1,"featured_media":0,"comment_status":"open","ping_status":"closed","sticky":false,"template":"","format":"standard","meta":{"footnotes":""},"categories":[34,249,8],"tags":[302,749,301],"class_list":["post-6429","post","type-post","status-publish","format-standard","hentry","category-bildung","category-umwelt","category-wirtschaft","tag-handwerk","tag-klimaschutz","tag-manfred-todtenhausen"],"_links":{"self":[{"href":"https:\/\/fdp-aktiv.de\/blog\/wp-json\/wp\/v2\/posts\/6429","targetHints":{"allow":["GET"]}}],"collection":[{"href":"https:\/\/fdp-aktiv.de\/blog\/wp-json\/wp\/v2\/posts"}],"about":[{"href":"https:\/\/fdp-aktiv.de\/blog\/wp-json\/wp\/v2\/types\/post"}],"author":[{"embeddable":true,"href":"https:\/\/fdp-aktiv.de\/blog\/wp-json\/wp\/v2\/users\/1"}],"replies":[{"embeddable":true,"href":"https:\/\/fdp-aktiv.de\/blog\/wp-json\/wp\/v2\/comments?post=6429"}],"version-history":[{"count":1,"href":"https:\/\/fdp-aktiv.de\/blog\/wp-json\/wp\/v2\/posts\/6429\/revisions"}],"predecessor-version":[{"id":6430,"href":"https:\/\/fdp-aktiv.de\/blog\/wp-json\/wp\/v2\/posts\/6429\/revisions\/6430"}],"wp:attachment":[{"href":"https:\/\/fdp-aktiv.de\/blog\/wp-json\/wp\/v2\/media?parent=6429"}],"wp:term":[{"taxonomy":"category","embeddable":true,"href":"https:\/\/fdp-aktiv.de\/blog\/wp-json\/wp\/v2\/categories?post=6429"},{"taxonomy":"post_tag","embeddable":true,"href":"https:\/\/fdp-aktiv.de\/blog\/wp-json\/wp\/v2\/tags?post=6429"}],"curies":[{"name":"wp","href":"https:\/\/api.w.org\/{rel}","templated":true}]}}