{"id":6435,"date":"2022-08-01T17:36:27","date_gmt":"2022-08-01T15:36:27","guid":{"rendered":"https:\/\/fdp-aktiv.de\/blog\/?p=6435"},"modified":"2022-08-01T17:36:27","modified_gmt":"2022-08-01T15:36:27","slug":"bayern-fischbach-zum-lehrkraeftemangel-ein-kultusminister-auf-tauchstation-hilft-nicht-weiter","status":"publish","type":"post","link":"https:\/\/fdp-aktiv.de\/blog\/2022\/08\/01\/bayern-fischbach-zum-lehrkraeftemangel-ein-kultusminister-auf-tauchstation-hilft-nicht-weiter\/","title":{"rendered":"Bayern &#8211; FISCHBACH zum Lehrkr\u00e4ftemangel: Ein Kultusminister auf Tauchstation hilft nicht weiter"},"content":{"rendered":"<p>In den vergangenen Wochen h\u00e4ufen sich nicht nur Meldungen von verzweifelt wirkenden Personal-Anwerbeversuchen durch bayerische Schulverwaltungen. Nur wenige Tage vor Ferienbeginn hat zudem das Kultusministerium einen Brief an die Bezirksregierungen verschickt, der ein alarmierendes Bild der Lehrkr\u00e4fte-Versorgung zeichnet. Der bildungspolitische Sprecher der FDP-Landtagsfraktion\u00a0<strong>Matthias Fischbach<\/strong>\u00a0zeigt sich besorgt:<\/p>\n<figure id=\"attachment_4142\" aria-describedby=\"caption-attachment-4142\" style=\"width: 800px\" class=\"wp-caption aligncenter\"><a href=\"https:\/\/fdp-aktiv.de\/blog\/wp-content\/uploads\/2022\/01\/Matthias_Fischbach_38854_0-scaled.jpg\"><img loading=\"lazy\" decoding=\"async\" class=\"size-large wp-image-4142\" src=\"https:\/\/fdp-aktiv.de\/blog\/wp-content\/uploads\/2022\/01\/Matthias_Fischbach_38854_0-1024x771.jpg\" alt=\"\" width=\"800\" height=\"602\" srcset=\"https:\/\/fdp-aktiv.de\/blog\/wp-content\/uploads\/2022\/01\/Matthias_Fischbach_38854_0-1024x771.jpg 1024w, https:\/\/fdp-aktiv.de\/blog\/wp-content\/uploads\/2022\/01\/Matthias_Fischbach_38854_0-300x226.jpg 300w, https:\/\/fdp-aktiv.de\/blog\/wp-content\/uploads\/2022\/01\/Matthias_Fischbach_38854_0-768x578.jpg 768w, https:\/\/fdp-aktiv.de\/blog\/wp-content\/uploads\/2022\/01\/Matthias_Fischbach_38854_0-1536x1157.jpg 1536w, https:\/\/fdp-aktiv.de\/blog\/wp-content\/uploads\/2022\/01\/Matthias_Fischbach_38854_0-2048x1542.jpg 2048w\" sizes=\"auto, (max-width: 800px) 100vw, 800px\" \/><\/a><figcaption id=\"caption-attachment-4142\" class=\"wp-caption-text\">Matthias Fischbach<\/figcaption><\/figure>\n<p>\u201eDer sich jetzt abzeichnende Lehrkr\u00e4fte-Engpass nimmt bislang ungeahnte Ausma\u00dfe an. Angesichts der j\u00fcngsten Meldungen muss man f\u00fcr den Schulstart im September mit allem rechnen. Gerade f\u00fcr unsere Grund- und Mittelsch\u00fcler ist ein geordneter Schulalltag ohne Klassenleitung doch schwer vorstellbar. Wenn von diesen Schl\u00fcsselstellen aber in einzelnen Landkreisen ganze 50 nicht besetzt werden k\u00f6nnen, m\u00fcssen doch alle Alarmglocken schrillen!<\/p>\n<p>Hat Kultusminister Piazolo die Lage \u00fcberhaupt noch im Griff? Wenn man am Ende eines Schuljahres keinerlei Angaben machen kann, wie sich die Unterrichtsversorgung zu Beginn des neuen Schuljahres darstellen wird, habe ich da meine Zweifel. In so einer Situation erwarte ich von der Staatsregierung ein L\u00f6sungskonzept, das kurz- und langfristig tragf\u00e4hig ist. Ein Minister auf Tauchstation hilft da nicht weiter! Ich fordere Herrn Piazolo daher auf, dem Bildungsausschuss des Landtags in einer Sondersitzung \u00fcber das aktuelle Ausma\u00df des Lehrkr\u00e4ftemangels zu berichten und L\u00f6sungsans\u00e4tze darzustellen \u2013 sofern er das \u00fcberhaupt kann.\u201c<\/p>\n","protected":false},"excerpt":{"rendered":"<p>In den vergangenen Wochen h\u00e4ufen sich nicht nur Meldungen von verzweifelt wirkenden Personal-Anwerbeversuchen durch bayerische Schulverwaltungen. Nur wenige Tage vor Ferienbeginn hat zudem das Kultusministerium einen Brief an die Bezirksregierungen [&#8230;]<\/p>\n","protected":false},"author":1,"featured_media":0,"comment_status":"open","ping_status":"closed","sticky":false,"template":"","format":"standard","meta":{"footnotes":""},"categories":[34],"tags":[322,160,219],"class_list":["post-6435","post","type-post","status-publish","format-standard","hentry","category-bildung","tag-fdp-bayern","tag-matthias-fischbach","tag-unterricht"],"_links":{"self":[{"href":"https:\/\/fdp-aktiv.de\/blog\/wp-json\/wp\/v2\/posts\/6435","targetHints":{"allow":["GET"]}}],"collection":[{"href":"https:\/\/fdp-aktiv.de\/blog\/wp-json\/wp\/v2\/posts"}],"about":[{"href":"https:\/\/fdp-aktiv.de\/blog\/wp-json\/wp\/v2\/types\/post"}],"author":[{"embeddable":true,"href":"https:\/\/fdp-aktiv.de\/blog\/wp-json\/wp\/v2\/users\/1"}],"replies":[{"embeddable":true,"href":"https:\/\/fdp-aktiv.de\/blog\/wp-json\/wp\/v2\/comments?post=6435"}],"version-history":[{"count":1,"href":"https:\/\/fdp-aktiv.de\/blog\/wp-json\/wp\/v2\/posts\/6435\/revisions"}],"predecessor-version":[{"id":6436,"href":"https:\/\/fdp-aktiv.de\/blog\/wp-json\/wp\/v2\/posts\/6435\/revisions\/6436"}],"wp:attachment":[{"href":"https:\/\/fdp-aktiv.de\/blog\/wp-json\/wp\/v2\/media?parent=6435"}],"wp:term":[{"taxonomy":"category","embeddable":true,"href":"https:\/\/fdp-aktiv.de\/blog\/wp-json\/wp\/v2\/categories?post=6435"},{"taxonomy":"post_tag","embeddable":true,"href":"https:\/\/fdp-aktiv.de\/blog\/wp-json\/wp\/v2\/tags?post=6435"}],"curies":[{"name":"wp","href":"https:\/\/api.w.org\/{rel}","templated":true}]}}