{"id":6452,"date":"2022-08-02T15:50:27","date_gmt":"2022-08-02T13:50:27","guid":{"rendered":"https:\/\/fdp-aktiv.de\/blog\/?p=6452"},"modified":"2022-08-02T15:50:27","modified_gmt":"2022-08-02T13:50:27","slug":"lambsdorff-china-muss-rhetorisch-abruesten","status":"publish","type":"post","link":"https:\/\/fdp-aktiv.de\/blog\/2022\/08\/02\/lambsdorff-china-muss-rhetorisch-abruesten\/","title":{"rendered":"LAMBSDORFF: China muss rhetorisch abr\u00fcsten"},"content":{"rendered":"<div class=\"clearfix text-formatted field field--name-body field--type-text-with-summary field--label-hidden field__item\">\n<p>Zum Konflikt zwischen China und USA wegen Taiwan erkl\u00e4rt der stellvertretende FDP-Fraktionsvorsitzende Alexander Graf Lambsdorff:<\/p>\n<figure id=\"attachment_1396\" aria-describedby=\"caption-attachment-1396\" style=\"width: 750px\" class=\"wp-caption aligncenter\"><a href=\"https:\/\/fdp-aktiv.de\/blog\/wp-content\/uploads\/2021\/05\/Alexander_Graf_Lambsdorff.jpg\"><img loading=\"lazy\" decoding=\"async\" class=\"size-full wp-image-1396\" src=\"https:\/\/fdp-aktiv.de\/blog\/wp-content\/uploads\/2021\/05\/Alexander_Graf_Lambsdorff.jpg\" alt=\"Alexander Graf Lambsdorff:\" width=\"750\" height=\"420\" srcset=\"https:\/\/fdp-aktiv.de\/blog\/wp-content\/uploads\/2021\/05\/Alexander_Graf_Lambsdorff.jpg 750w, https:\/\/fdp-aktiv.de\/blog\/wp-content\/uploads\/2021\/05\/Alexander_Graf_Lambsdorff-300x168.jpg 300w\" sizes=\"auto, (max-width: 750px) 100vw, 750px\" \/><\/a><figcaption id=\"caption-attachment-1396\" class=\"wp-caption-text\">Alexander Graf Lambsdorff<\/figcaption><\/figure>\n<p>\u201eDie Regierung Chinas ist vor dem Parteitag der Kommunistischen Partei im Herbst offenkundig nerv\u00f6s und reagiert auf den m\u00f6glichen Besuch der Sprecherin des US-Repr\u00e4sentantenhauses, Nancy Pelosi, mit unn\u00f6tig starken Worten. Peking muss rhetorisch dringend abr\u00fcsten. Auch in Zukunft werden westliche Politiker, Diplomaten und Unternehmer Taiwan besuchen. Daf\u00fcr braucht es keine Erlaubnis. Eine Beilegung des Konflikts muss in friedlichen und beidseitigen Einvernehmen geschehen. Eine Eskalation w\u00e4re auch in Deutschland deutlich sp\u00fcrbar. Ein Gro\u00dfteil der weltweit produzierten hochleistungsf\u00e4higen Halbleiter stammt aus Taiwan, sie werden in Haushaltsger\u00e4ten genauso eingesetzt wie in High-Tech-Produkten, von der Waschmaschine bis zum Verkehrsflugzeug. Deutschland steht fest an der Seite der Demokratien der Welt. Wie wollen die Teilnahme Taiwans an internationalen Organisationen weiter ausbauen, wo immer dies unterhalb der Schwelle der Staatlichkeit und in Einklang mit der Ein-China-Politik der EU m\u00f6glich ist.\u201c<\/p>\n<\/div>\n","protected":false},"excerpt":{"rendered":"<p>Zum Konflikt zwischen China und USA wegen Taiwan erkl\u00e4rt der stellvertretende FDP-Fraktionsvorsitzende Alexander Graf Lambsdorff: \u201eDie Regierung Chinas ist vor dem Parteitag der Kommunistischen Partei im Herbst offenkundig nerv\u00f6s und [&#8230;]<\/p>\n","protected":false},"author":1,"featured_media":0,"comment_status":"open","ping_status":"closed","sticky":false,"template":"","format":"standard","meta":{"footnotes":""},"categories":[5],"tags":[179,24,2282],"class_list":["post-6452","post","type-post","status-publish","format-standard","hentry","category-aussenpolitik","tag-alexander-graf-lambsdorff","tag-china","tag-taiwan"],"_links":{"self":[{"href":"https:\/\/fdp-aktiv.de\/blog\/wp-json\/wp\/v2\/posts\/6452","targetHints":{"allow":["GET"]}}],"collection":[{"href":"https:\/\/fdp-aktiv.de\/blog\/wp-json\/wp\/v2\/posts"}],"about":[{"href":"https:\/\/fdp-aktiv.de\/blog\/wp-json\/wp\/v2\/types\/post"}],"author":[{"embeddable":true,"href":"https:\/\/fdp-aktiv.de\/blog\/wp-json\/wp\/v2\/users\/1"}],"replies":[{"embeddable":true,"href":"https:\/\/fdp-aktiv.de\/blog\/wp-json\/wp\/v2\/comments?post=6452"}],"version-history":[{"count":1,"href":"https:\/\/fdp-aktiv.de\/blog\/wp-json\/wp\/v2\/posts\/6452\/revisions"}],"predecessor-version":[{"id":6453,"href":"https:\/\/fdp-aktiv.de\/blog\/wp-json\/wp\/v2\/posts\/6452\/revisions\/6453"}],"wp:attachment":[{"href":"https:\/\/fdp-aktiv.de\/blog\/wp-json\/wp\/v2\/media?parent=6452"}],"wp:term":[{"taxonomy":"category","embeddable":true,"href":"https:\/\/fdp-aktiv.de\/blog\/wp-json\/wp\/v2\/categories?post=6452"},{"taxonomy":"post_tag","embeddable":true,"href":"https:\/\/fdp-aktiv.de\/blog\/wp-json\/wp\/v2\/tags?post=6452"}],"curies":[{"name":"wp","href":"https:\/\/api.w.org\/{rel}","templated":true}]}}