{"id":6530,"date":"2022-08-13T07:38:58","date_gmt":"2022-08-13T05:38:58","guid":{"rendered":"https:\/\/fdp-aktiv.de\/blog\/?p=6530"},"modified":"2022-08-13T07:38:58","modified_gmt":"2022-08-13T05:38:58","slug":"baden-wuerttemberg-haussmann-einrichtungsbezogene-impfpflicht-ist-nur-spitze-des-eisbergs-in-pflegeeinrichtungen","status":"publish","type":"post","link":"https:\/\/fdp-aktiv.de\/blog\/2022\/08\/13\/baden-wuerttemberg-haussmann-einrichtungsbezogene-impfpflicht-ist-nur-spitze-des-eisbergs-in-pflegeeinrichtungen\/","title":{"rendered":"Baden-W\u00fcrttemberg &#8211; Hau\u00dfmann: Einrichtungsbezogene Impfpflicht ist nur Spitze des Eisbergs in Pflegeeinrichtungen"},"content":{"rendered":"<p>Minister Lucha muss f\u00fcr mehr Entlastung in Alten- und Pflegeeinrichtungen sorgen \u2013 Pflegegipfel notwendig<\/p>\n<p>Zur Meldung, wonach der baden-w\u00fcrttembergische Gesundheitsminister Lucha nicht mit einer Verl\u00e4ngerung der Impfpflicht im Pflegewesen rechne, sagt <strong>Jochen Hau\u00dfmann<\/strong>, gesundheitspolitischer Sprecher der FDP\/DVP-Fraktion im baden-w\u00fcrttembergischen Landtag:<\/p>\n<figure id=\"attachment_1641\" aria-describedby=\"caption-attachment-1641\" style=\"width: 800px\" class=\"wp-caption aligncenter\"><a href=\"https:\/\/fdp-aktiv.de\/blog\/wp-content\/uploads\/2021\/06\/web-190226_fdp_haussmann_0469_final_03.jpg\"><img loading=\"lazy\" decoding=\"async\" class=\"size-large wp-image-1641\" src=\"https:\/\/fdp-aktiv.de\/blog\/wp-content\/uploads\/2021\/06\/web-190226_fdp_haussmann_0469_final_03-1024x683.jpg\" alt=\"Jochen Hau\u00dfmann\" width=\"800\" height=\"534\" srcset=\"https:\/\/fdp-aktiv.de\/blog\/wp-content\/uploads\/2021\/06\/web-190226_fdp_haussmann_0469_final_03-1024x683.jpg 1024w, https:\/\/fdp-aktiv.de\/blog\/wp-content\/uploads\/2021\/06\/web-190226_fdp_haussmann_0469_final_03-300x200.jpg 300w, https:\/\/fdp-aktiv.de\/blog\/wp-content\/uploads\/2021\/06\/web-190226_fdp_haussmann_0469_final_03-768x512.jpg 768w, https:\/\/fdp-aktiv.de\/blog\/wp-content\/uploads\/2021\/06\/web-190226_fdp_haussmann_0469_final_03-1536x1024.jpg 1536w, https:\/\/fdp-aktiv.de\/blog\/wp-content\/uploads\/2021\/06\/web-190226_fdp_haussmann_0469_final_03.jpg 1920w\" sizes=\"auto, (max-width: 800px) 100vw, 800px\" \/><\/a><figcaption id=\"caption-attachment-1641\" class=\"wp-caption-text\">Jochen Hau\u00dfmann, FDP\/ DVP Fraktion<\/figcaption><\/figure>\n<p>\u201eStatt \u00fcber die Fortf\u00fchrung der einrichtungsbezogenen Impfpflicht zu sinnieren, sollte sich Minister Lucha daf\u00fcr einsetzen, dass diese sofort und bis zu ihrem Auslaufen ausgesetzt wird. Au\u00dferdem muss er daf\u00fcr sorgen, dass der Pflegenotstand im Land nicht noch zus\u00e4tzlich vergr\u00f6\u00dfert wird und die Gesundheits\u00e4mter zu einer Umsetzung mit Augenma\u00df auffordern. Mit der Brechstange Bu\u00dfgelder zu verh\u00e4ngen wird ungeimpfte Besch\u00e4ftigte nicht zum Impfen bringen.<\/p>\n<p>Die Durchsetzung der einrichtungsbezogenen Impfpflicht ist f\u00fcr die Pflegeeinrichtungen nur die Spitze des Eisbergs. Minister Lucha k\u00f6nnte die Einrichtungen an ganz anderen Stellen entlasten.<\/p>\n<p>Wir fordern eine sofortige Entlastungsoffensive f\u00fcr die Altenpflege und ein Ende der \u201eProjektitis-Politik\u201c in Form zeitlich befristeter F\u00f6rderprogramme. Die Altenpflege braucht mehr Entb\u00fcrokratisierung und Flexibilit\u00e4t bei der Umsetzung ihres Pflegeauftrags. Die Situation beim Personal in Gesundheitseinrichtungen im Land ist schon jetzt dramatisch. Was wir brauchen ist ein Pflegegipfel mit allen Akteuren, von dem aus eine konzertierte Aktion zur kurzfristigen Entlastung der Tr\u00e4ger und Besch\u00e4ftigten ausgeht. Wir sind bereit, daran mitzuwirken, wirkliche Entlastungsma\u00dfnahmen f\u00fcr die Pflege auf den Weg zu bringen. Unsere Hand ist ausgestreckt. Hier muss Minister Lucha endlich aktiv werden.\u201c<\/p>\n<p>&nbsp;<\/p>\n","protected":false},"excerpt":{"rendered":"<p>Minister Lucha muss f\u00fcr mehr Entlastung in Alten- und Pflegeeinrichtungen sorgen \u2013 Pflegegipfel notwendig Zur Meldung, wonach der baden-w\u00fcrttembergische Gesundheitsminister Lucha nicht mit einer Verl\u00e4ngerung der Impfpflicht im Pflegewesen rechne, [&#8230;]<\/p>\n","protected":false},"author":1,"featured_media":0,"comment_status":"open","ping_status":"closed","sticky":false,"template":"","format":"standard","meta":{"footnotes":""},"categories":[4,123],"tags":[650,291,1343,1659],"class_list":["post-6530","post","type-post","status-publish","format-standard","hentry","category-covid-19","category-gesundheit","tag-fdp-dvp","tag-impfpflicht","tag-jochen-haussmann","tag-pflegeeinrichtung"],"_links":{"self":[{"href":"https:\/\/fdp-aktiv.de\/blog\/wp-json\/wp\/v2\/posts\/6530","targetHints":{"allow":["GET"]}}],"collection":[{"href":"https:\/\/fdp-aktiv.de\/blog\/wp-json\/wp\/v2\/posts"}],"about":[{"href":"https:\/\/fdp-aktiv.de\/blog\/wp-json\/wp\/v2\/types\/post"}],"author":[{"embeddable":true,"href":"https:\/\/fdp-aktiv.de\/blog\/wp-json\/wp\/v2\/users\/1"}],"replies":[{"embeddable":true,"href":"https:\/\/fdp-aktiv.de\/blog\/wp-json\/wp\/v2\/comments?post=6530"}],"version-history":[{"count":1,"href":"https:\/\/fdp-aktiv.de\/blog\/wp-json\/wp\/v2\/posts\/6530\/revisions"}],"predecessor-version":[{"id":6531,"href":"https:\/\/fdp-aktiv.de\/blog\/wp-json\/wp\/v2\/posts\/6530\/revisions\/6531"}],"wp:attachment":[{"href":"https:\/\/fdp-aktiv.de\/blog\/wp-json\/wp\/v2\/media?parent=6530"}],"wp:term":[{"taxonomy":"category","embeddable":true,"href":"https:\/\/fdp-aktiv.de\/blog\/wp-json\/wp\/v2\/categories?post=6530"},{"taxonomy":"post_tag","embeddable":true,"href":"https:\/\/fdp-aktiv.de\/blog\/wp-json\/wp\/v2\/tags?post=6530"}],"curies":[{"name":"wp","href":"https:\/\/api.w.org\/{rel}","templated":true}]}}