{"id":6601,"date":"2022-08-20T04:34:57","date_gmt":"2022-08-20T02:34:57","guid":{"rendered":"https:\/\/fdp-aktiv.de\/blog\/?p=6601"},"modified":"2022-08-20T04:34:57","modified_gmt":"2022-08-20T02:34:57","slug":"baden-wuerttemberg-haag-probleme-im-wohnungsbau-loesen-anstatt-nur-ueber-sie-zu-reden","status":"publish","type":"post","link":"https:\/\/fdp-aktiv.de\/blog\/2022\/08\/20\/baden-wuerttemberg-haag-probleme-im-wohnungsbau-loesen-anstatt-nur-ueber-sie-zu-reden\/","title":{"rendered":"Baden-W\u00fcrttemberg &#8211; Haag: Probleme im Wohnungsbau l\u00f6sen, anstatt nur \u00fcber sie zu reden!"},"content":{"rendered":"<p>Die Aufgaben f\u00fcr die Landesregierung liegen auf dem Tisch, die Bilanz des Wohnungsbauministeriums ist aber desastr\u00f6s<\/p>\n<p>Zur Meldung, dass Wohnungsbauministerin Razavi ein schwieriges Umfeld f\u00fcr den Neubau von Wohnungen sieht, sagte der wohnungspolitische Sprecher der FDP\/DVP-Fraktion <strong>Friedrich Haag<\/strong>:<\/p>\n<figure id=\"attachment_3283\" aria-describedby=\"caption-attachment-3283\" style=\"width: 800px\" class=\"wp-caption aligncenter\"><a href=\"https:\/\/fdp-aktiv.de\/blog\/wp-content\/uploads\/2021\/11\/building-3284735_1920.jpg\"><img loading=\"lazy\" decoding=\"async\" class=\"size-large wp-image-3283\" src=\"https:\/\/fdp-aktiv.de\/blog\/wp-content\/uploads\/2021\/11\/building-3284735_1920-1024x605.jpg\" alt=\"\" width=\"800\" height=\"473\" srcset=\"https:\/\/fdp-aktiv.de\/blog\/wp-content\/uploads\/2021\/11\/building-3284735_1920-1024x605.jpg 1024w, https:\/\/fdp-aktiv.de\/blog\/wp-content\/uploads\/2021\/11\/building-3284735_1920-300x177.jpg 300w, https:\/\/fdp-aktiv.de\/blog\/wp-content\/uploads\/2021\/11\/building-3284735_1920-768x454.jpg 768w, https:\/\/fdp-aktiv.de\/blog\/wp-content\/uploads\/2021\/11\/building-3284735_1920-1536x907.jpg 1536w, https:\/\/fdp-aktiv.de\/blog\/wp-content\/uploads\/2021\/11\/building-3284735_1920.jpg 1920w\" sizes=\"auto, (max-width: 800px) 100vw, 800px\" \/><\/a><figcaption id=\"caption-attachment-3283\" class=\"wp-caption-text\">Bild von <a href=\"https:\/\/pixabay.com\/de\/users\/thomaswolter-92511\/?utm_source=link-attribution&amp;utm_medium=referral&amp;utm_campaign=image&amp;utm_content=3284735\">Thomas Wolter<\/a> auf <a href=\"https:\/\/pixabay.com\/de\/?utm_source=link-attribution&amp;utm_medium=referral&amp;utm_campaign=image&amp;utm_content=3284735\">Pixabay<\/a><\/figcaption><\/figure>\n<p>\u201eL\u00e4ngst nicht alle Probleme im Wohnungsbau lassen sich durch immer neue Millionen von Steuergeldern l\u00f6sen. Es ist schon erstaunlich, dass gerade aus dem Ministerium f\u00fcr Landesentwicklung und Wohnen Beschwerden \u00fcber die momentane Situation kommen. Es wurde doch eigens von der Landesregierung f\u00fcr die L\u00f6sung dieser Probleme geschaffen. Bis jetzt betreibt die Ministerin aber nur Symptombek\u00e4mpfung und greift nicht die wirklichen Probleme an.<\/p>\n<p>&nbsp;<\/p>\n<p>Es hilft nur wenigen, wenn man sich nur auf den sozialen Wohnungsbau konzentriert. Was wir jetzt brauchen, ist Politik f\u00fcr alle Menschen, denn es wird f\u00fcr alle teurer. Um das zu realisieren, liegen nicht erst seit dem Strategiedialog \u201eBezahlbares Wohnen und innovatives Bauen\u201c im Juni, sondern bereits seit vielen Jahren die Hausaufgaben f\u00fcr die Landesregierung auf dem Tisch: B\u00fcrokratieabbau, Digitalisierung der Genehmigungsprozesse, Aktivierung neuer Fl\u00e4chen, Nachverdichtung und ein Ablassen von weiteren ideologischen Man\u00f6vern, die das Bauen verteuern. Wenn man die Ma\u00dfgaben f\u00fcr den Neubau immer weiter verkompliziert und teure Auflagen schafft, dann muss man sich nicht wundern, wenn keine neuen Wohnungen entstehen.\u201c<\/p>\n<p>&nbsp;<\/p>\n<p>&nbsp;<\/p>\n","protected":false},"excerpt":{"rendered":"<p>Die Aufgaben f\u00fcr die Landesregierung liegen auf dem Tisch, die Bilanz des Wohnungsbauministeriums ist aber desastr\u00f6s Zur Meldung, dass Wohnungsbauministerin Razavi ein schwieriges Umfeld f\u00fcr den Neubau von Wohnungen sieht, [&#8230;]<\/p>\n","protected":false},"author":1,"featured_media":0,"comment_status":"open","ping_status":"closed","sticky":false,"template":"","format":"standard","meta":{"footnotes":""},"categories":[8],"tags":[650,1587,1027],"class_list":["post-6601","post","type-post","status-publish","format-standard","hentry","category-wirtschaft","tag-fdp-dvp","tag-friedrich-haag","tag-wohnungsbau"],"_links":{"self":[{"href":"https:\/\/fdp-aktiv.de\/blog\/wp-json\/wp\/v2\/posts\/6601","targetHints":{"allow":["GET"]}}],"collection":[{"href":"https:\/\/fdp-aktiv.de\/blog\/wp-json\/wp\/v2\/posts"}],"about":[{"href":"https:\/\/fdp-aktiv.de\/blog\/wp-json\/wp\/v2\/types\/post"}],"author":[{"embeddable":true,"href":"https:\/\/fdp-aktiv.de\/blog\/wp-json\/wp\/v2\/users\/1"}],"replies":[{"embeddable":true,"href":"https:\/\/fdp-aktiv.de\/blog\/wp-json\/wp\/v2\/comments?post=6601"}],"version-history":[{"count":1,"href":"https:\/\/fdp-aktiv.de\/blog\/wp-json\/wp\/v2\/posts\/6601\/revisions"}],"predecessor-version":[{"id":6602,"href":"https:\/\/fdp-aktiv.de\/blog\/wp-json\/wp\/v2\/posts\/6601\/revisions\/6602"}],"wp:attachment":[{"href":"https:\/\/fdp-aktiv.de\/blog\/wp-json\/wp\/v2\/media?parent=6601"}],"wp:term":[{"taxonomy":"category","embeddable":true,"href":"https:\/\/fdp-aktiv.de\/blog\/wp-json\/wp\/v2\/categories?post=6601"},{"taxonomy":"post_tag","embeddable":true,"href":"https:\/\/fdp-aktiv.de\/blog\/wp-json\/wp\/v2\/tags?post=6601"}],"curies":[{"name":"wp","href":"https:\/\/api.w.org\/{rel}","templated":true}]}}