{"id":6625,"date":"2022-08-23T15:31:43","date_gmt":"2022-08-23T13:31:43","guid":{"rendered":"https:\/\/fdp-aktiv.de\/blog\/?p=6625"},"modified":"2022-08-23T15:31:43","modified_gmt":"2022-08-23T13:31:43","slug":"baden-wuerttemberg-bonath-wirtschaft-und-gesellschaft-effektiv-entlasten","status":"publish","type":"post","link":"https:\/\/fdp-aktiv.de\/blog\/2022\/08\/23\/baden-wuerttemberg-bonath-wirtschaft-und-gesellschaft-effektiv-entlasten\/","title":{"rendered":"Baden-W\u00fcrttemberg &#8211; Bonath: Wirtschaft und Gesellschaft effektiv entlasten"},"content":{"rendered":"<p>Preisentlastung durch pragmatische Pr\u00fcfung aller Potenziale<\/p>\n<p>Zur Meldung, wonach sich viele Gaskunden im S\u00fcdwesten auf teils kr\u00e4ftigte Preissteigerungen einstellen m\u00fcssen, sagte der energiepolitische Sprecher der FDP\/DVP-Fraktion, <strong>Frank Bonath<\/strong>:<\/p>\n<figure id=\"attachment_4031\" aria-describedby=\"caption-attachment-4031\" style=\"width: 800px\" class=\"wp-caption aligncenter\"><a href=\"https:\/\/fdp-aktiv.de\/blog\/wp-content\/uploads\/2022\/01\/Web_bonath_0293_final.jpg\"><img loading=\"lazy\" decoding=\"async\" class=\"size-large wp-image-4031\" src=\"https:\/\/fdp-aktiv.de\/blog\/wp-content\/uploads\/2022\/01\/Web_bonath_0293_final-1024x682.jpg\" alt=\"\" width=\"800\" height=\"533\" srcset=\"https:\/\/fdp-aktiv.de\/blog\/wp-content\/uploads\/2022\/01\/Web_bonath_0293_final-1024x682.jpg 1024w, https:\/\/fdp-aktiv.de\/blog\/wp-content\/uploads\/2022\/01\/Web_bonath_0293_final-300x200.jpg 300w, https:\/\/fdp-aktiv.de\/blog\/wp-content\/uploads\/2022\/01\/Web_bonath_0293_final-768x512.jpg 768w, https:\/\/fdp-aktiv.de\/blog\/wp-content\/uploads\/2022\/01\/Web_bonath_0293_final-1536x1024.jpg 1536w, https:\/\/fdp-aktiv.de\/blog\/wp-content\/uploads\/2022\/01\/Web_bonath_0293_final.jpg 2000w\" sizes=\"auto, (max-width: 800px) 100vw, 800px\" \/><\/a><figcaption id=\"caption-attachment-4031\" class=\"wp-caption-text\">Frank Bonath<\/figcaption><\/figure>\n<p>\u201eIn den zur\u00fcckliegenden Monaten ist es wiederholt zu Drosselungen der Gasfl\u00fcsse durch Nord Stream 1 und die Ukraine-Route gekommen, die das in Deutschland verf\u00fcgbare Gas k\u00fcnstlich verknappt und drastisch verteuert haben. Insbesondere von Seiten der FDP sind in den vergangenen Wochen verschiedene Vorschl\u00e4ge vorgebracht worden, um Wirtschaft und Gesellschaft effektiv zu entlasten. W\u00e4hrend Bundesfinanzminister Lindner mit seinem Anfang August vorgestellten Inflationsausgleichsgesetz der schleichenden Enteignung der B\u00fcrger Einhalt gebieten und die systemische Schw\u00e4chung unserer Wirtschaft beenden will, kommt die unl\u00e4ngst angek\u00fcndigte Mehrwertsteuersenkung auf Gas schon ab Oktober allen privaten Verbrauchern zugute.<\/p>\n<p>Derweilen hat sich die gr\u00fcn-schwarze Landesregierung nach ihrem gescheiterten Gasgipfel kurzerhand in die Sommerpause verabschiedet. Statt sich regelm\u00e4\u00dfig zu paternalistischen Kommentaren zum Dusch- und Waschverhalten der B\u00fcrger hinrei\u00dfen zu lassen, sollte Ministerpr\u00e4sident Kretschmann seine \u00fcbersch\u00fcssige Energie daf\u00fcr verwenden, seinen Parteikollegen und Bundeswirtschaftsminister Habeck f\u00fcr die befristete Weiternutzung der Kernenergie zu bewegen. Da nach wie vor gewaltige Mengen an Gas durch fahrl\u00e4ssige Verstromung verschwendet werden und jedes Kohlekraftwerk die Energierechnung der Deutschen um vier Milliarden Euro senkt, sollte sich Gr\u00fcn-Schwarz zudem vehement f\u00fcr den Ersatz von Gas- durch Kohleverstromung einsetzen. Auch das Verbot heimischer Erdgasf\u00f6rderung, mit der bis zu Beginn der 2000er Jahre gut 20 Prozent des deutschen Gasverbrauchs gedeckt werden konnte, geh\u00f6rt auf den Pr\u00fcfstand. In Zeiten von Krieg und Krise hei\u00dft Politik vor allem Pragmatismus.\u201c<\/p>\n","protected":false},"excerpt":{"rendered":"<p>Preisentlastung durch pragmatische Pr\u00fcfung aller Potenziale Zur Meldung, wonach sich viele Gaskunden im S\u00fcdwesten auf teils kr\u00e4ftigte Preissteigerungen einstellen m\u00fcssen, sagte der energiepolitische Sprecher der FDP\/DVP-Fraktion, Frank Bonath: \u201eIn den [&#8230;]<\/p>\n","protected":false},"author":1,"featured_media":0,"comment_status":"open","ping_status":"closed","sticky":false,"template":"","format":"standard","meta":{"footnotes":""},"categories":[1979,8],"tags":[2223,650,1518,2600,2242],"class_list":["post-6625","post","type-post","status-publish","format-standard","hentry","category-energie","category-wirtschaft","tag-erdgas","tag-fdp-dvp","tag-frank-bonath","tag-gasumlage","tag-mehrwertsteuer"],"_links":{"self":[{"href":"https:\/\/fdp-aktiv.de\/blog\/wp-json\/wp\/v2\/posts\/6625","targetHints":{"allow":["GET"]}}],"collection":[{"href":"https:\/\/fdp-aktiv.de\/blog\/wp-json\/wp\/v2\/posts"}],"about":[{"href":"https:\/\/fdp-aktiv.de\/blog\/wp-json\/wp\/v2\/types\/post"}],"author":[{"embeddable":true,"href":"https:\/\/fdp-aktiv.de\/blog\/wp-json\/wp\/v2\/users\/1"}],"replies":[{"embeddable":true,"href":"https:\/\/fdp-aktiv.de\/blog\/wp-json\/wp\/v2\/comments?post=6625"}],"version-history":[{"count":1,"href":"https:\/\/fdp-aktiv.de\/blog\/wp-json\/wp\/v2\/posts\/6625\/revisions"}],"predecessor-version":[{"id":6626,"href":"https:\/\/fdp-aktiv.de\/blog\/wp-json\/wp\/v2\/posts\/6625\/revisions\/6626"}],"wp:attachment":[{"href":"https:\/\/fdp-aktiv.de\/blog\/wp-json\/wp\/v2\/media?parent=6625"}],"wp:term":[{"taxonomy":"category","embeddable":true,"href":"https:\/\/fdp-aktiv.de\/blog\/wp-json\/wp\/v2\/categories?post=6625"},{"taxonomy":"post_tag","embeddable":true,"href":"https:\/\/fdp-aktiv.de\/blog\/wp-json\/wp\/v2\/tags?post=6625"}],"curies":[{"name":"wp","href":"https:\/\/api.w.org\/{rel}","templated":true}]}}