{"id":6632,"date":"2022-08-24T09:25:24","date_gmt":"2022-08-24T07:25:24","guid":{"rendered":"https:\/\/fdp-aktiv.de\/blog\/?p=6632"},"modified":"2022-08-24T09:25:24","modified_gmt":"2022-08-24T07:25:24","slug":"berlin-sibylle-meister-sprecherin-fuer-haushalt-und-finanzen-der-fdp-fraktion-im-abgeordnetenhaus-von-berlin-zum-aktuellen-statusbericht-bezueglich-der-finanzlage-des-landes","status":"publish","type":"post","link":"https:\/\/fdp-aktiv.de\/blog\/2022\/08\/24\/berlin-sibylle-meister-sprecherin-fuer-haushalt-und-finanzen-der-fdp-fraktion-im-abgeordnetenhaus-von-berlin-zum-aktuellen-statusbericht-bezueglich-der-finanzlage-des-landes\/","title":{"rendered":"BERLIN: Sibylle Meister, Sprecherin f\u00fcr Haushalt und Finanzen der FDP-Fraktion im Abgeordnetenhaus von Berlin, zum aktuellen Statusbericht bez\u00fcglich der Finanzlage des Landes:"},"content":{"rendered":"<figure id=\"attachment_4359\" aria-describedby=\"caption-attachment-4359\" style=\"width: 800px\" class=\"wp-caption aligncenter\"><a href=\"https:\/\/fdp-aktiv.de\/blog\/wp-content\/uploads\/2022\/02\/FDP-Fraktion_Berlin_CC_BY-SA_3.0_Sybille_Meister.jpg\"><img loading=\"lazy\" decoding=\"async\" class=\"size-large wp-image-4359\" src=\"https:\/\/fdp-aktiv.de\/blog\/wp-content\/uploads\/2022\/02\/FDP-Fraktion_Berlin_CC_BY-SA_3.0_Sybille_Meister-1024x682.jpg\" alt=\"\" width=\"800\" height=\"533\" srcset=\"https:\/\/fdp-aktiv.de\/blog\/wp-content\/uploads\/2022\/02\/FDP-Fraktion_Berlin_CC_BY-SA_3.0_Sybille_Meister-1024x682.jpg 1024w, https:\/\/fdp-aktiv.de\/blog\/wp-content\/uploads\/2022\/02\/FDP-Fraktion_Berlin_CC_BY-SA_3.0_Sybille_Meister-300x200.jpg 300w, https:\/\/fdp-aktiv.de\/blog\/wp-content\/uploads\/2022\/02\/FDP-Fraktion_Berlin_CC_BY-SA_3.0_Sybille_Meister-768x511.jpg 768w, https:\/\/fdp-aktiv.de\/blog\/wp-content\/uploads\/2022\/02\/FDP-Fraktion_Berlin_CC_BY-SA_3.0_Sybille_Meister.jpg 1280w\" sizes=\"auto, (max-width: 800px) 100vw, 800px\" \/><\/a><figcaption id=\"caption-attachment-4359\" class=\"wp-caption-text\">Sibylle Meister, 2021<\/figcaption><\/figure>\n<p>\u201eDer Statusbericht zur Haushaltslage Berlins zeigt, dass sich die finanzielle Lage der Stadt in den ersten sechs Monaten recht gut entwickelt hat. Darum ist es wichtig: Nicht verausgabte Mittel aufgrund der sogenannten vorl\u00e4ufigen Haushaltswirtschaft und Sondereffekte bei den Steuereinnahmen d\u00fcrfen nicht zu ma\u00dflosen rot-gr\u00fcn-roten Ausgabenpaketen f\u00fchren. Der Staat ist nicht nur selbst der gr\u00f6\u00dfte Inflationstreiber, sondern er profitiert, wie wir aktuell sehen, auch am meisten von der Inflation. Wichtig ist daher, dass jetzt die Mitte der Gesellschaft steuerlich entlastet wird. Die Beseitigung der kalten Progression ist richtig und l\u00e4ngst \u00fcberf\u00e4llig. Menschen, die \u00fcber kein oder\u00a0nur geringes Einkommen verf\u00fcgen, m\u00fcssen zielgerichtet unterst\u00fctzt werden. Die Preissignale bei Gas und Strom m\u00fcssen intakt bleiben, um Sparanstrengungen und die Energiewende nicht auszubremsen. Nicht zuletzt muss der Senat zuk\u00fcnftige Generationen im Blick behalten. Die Schuldenbremse darf nicht ausgesetzt werden und Tilgungsverpflichtungen m\u00fcssen eingehalten werden.\u201c<\/p>\n","protected":false},"excerpt":{"rendered":"<p>\u201eDer Statusbericht zur Haushaltslage Berlins zeigt, dass sich die finanzielle Lage der Stadt in den ersten sechs Monaten recht gut entwickelt hat. Darum ist es wichtig: Nicht verausgabte Mittel aufgrund [&#8230;]<\/p>\n","protected":false},"author":1,"featured_media":0,"comment_status":"open","ping_status":"closed","sticky":false,"template":"","format":"standard","meta":{"footnotes":""},"categories":[55],"tags":[706,1004,1038],"class_list":["post-6632","post","type-post","status-publish","format-standard","hentry","category-finanzen","tag-fdp-berlin","tag-haushalt","tag-sibylle-meister"],"_links":{"self":[{"href":"https:\/\/fdp-aktiv.de\/blog\/wp-json\/wp\/v2\/posts\/6632","targetHints":{"allow":["GET"]}}],"collection":[{"href":"https:\/\/fdp-aktiv.de\/blog\/wp-json\/wp\/v2\/posts"}],"about":[{"href":"https:\/\/fdp-aktiv.de\/blog\/wp-json\/wp\/v2\/types\/post"}],"author":[{"embeddable":true,"href":"https:\/\/fdp-aktiv.de\/blog\/wp-json\/wp\/v2\/users\/1"}],"replies":[{"embeddable":true,"href":"https:\/\/fdp-aktiv.de\/blog\/wp-json\/wp\/v2\/comments?post=6632"}],"version-history":[{"count":1,"href":"https:\/\/fdp-aktiv.de\/blog\/wp-json\/wp\/v2\/posts\/6632\/revisions"}],"predecessor-version":[{"id":6633,"href":"https:\/\/fdp-aktiv.de\/blog\/wp-json\/wp\/v2\/posts\/6632\/revisions\/6633"}],"wp:attachment":[{"href":"https:\/\/fdp-aktiv.de\/blog\/wp-json\/wp\/v2\/media?parent=6632"}],"wp:term":[{"taxonomy":"category","embeddable":true,"href":"https:\/\/fdp-aktiv.de\/blog\/wp-json\/wp\/v2\/categories?post=6632"},{"taxonomy":"post_tag","embeddable":true,"href":"https:\/\/fdp-aktiv.de\/blog\/wp-json\/wp\/v2\/tags?post=6632"}],"curies":[{"name":"wp","href":"https:\/\/api.w.org\/{rel}","templated":true}]}}